{"id":20003,"date":"2026-03-05T11:39:26","date_gmt":"2026-03-05T17:39:26","guid":{"rendered":"https:\/\/informadorweb.com\/?p=20003"},"modified":"2026-03-05T17:39:27","modified_gmt":"2026-03-05T17:39:27","slug":"ampliacion-turquia-afirma-que-misil-balistico-de-iran-fue-interceptado-antes-de-ingresar-a-espacio-aereo-turco","status":"publish","type":"post","link":"https:\/\/informadorweb.com\/?p=20003","title":{"rendered":"Ampliaci\u00f3n: Turqu\u00eda afirma que misil bal\u00edstico de Ir\u00e1n fue interceptado antes de ingresar a espacio a\u00e9reo turco"},"content":{"rendered":"<p>ANKARA, 4 mar (Xinhua) &#8212; El Ministerio de Defensa turco anunci\u00f3 hoy mi\u00e9rcoles que un misil bal\u00edstico supuestamente lanzado desde Ir\u00e1n fue interceptado con \u00e9xito por unidades de defensa a\u00e9rea y antimisiles desplegadas en el Mediterr\u00e1neo oriental por la OTAN. En un comunicado, el ministerio dijo que el proyectil bal\u00edstico fue detectado despu\u00e9s de su lanzamiento desde Ir\u00e1n y rastreado mientras transitaba el espacio a\u00e9reo iraqu\u00ed y sirio antes de girar hacia el espacio a\u00e9reo turco. Las unidades de la OTAN apostadas en el Mediterr\u00e1neo Oriental llevaron a cabo una operaci\u00f3n oportuna, eliminando la amenaza en pleno vuelo, afirm\u00f3 el ministerio. Luego de la interceptaci\u00f3n, se examinaron los restos en el distrito de Dortyol, en la provincia meridional de Hatay. El ministerio confirm\u00f3 que el fragmento recuperado pertenec\u00eda a la munici\u00f3n de defensa a\u00e9rea utilizada durante la interceptaci\u00f3n, no a la amenaza bal\u00edstica entrante. No se reportaron v\u00edctimas mortales ni heridos en el incidente. \u00abReiteramos que nos reservamos el derecho de responder a cualquier acto hostil dirigido contra nuestro pa\u00eds\u00bb, indic\u00f3 el ministerio, y pidi\u00f3 a todas las partes que se abstengan de emprender acciones que puedan conducir a una escalada m\u00e1s amplia del conflicto. Despu\u00e9s del incidente, el ministro de Relaciones Exteriores de Turqu\u00eda, Hakan Fidan, sostuvo una conversaci\u00f3n telef\u00f3nica con su hom\u00f3logo iran\u00ed, Seyed Abbas Araghchi. Durante las conversaciones, Fidan transmiti\u00f3 la reacci\u00f3n de Turqu\u00eda respecto a la munici\u00f3n bal\u00edstica, al tiempo que enfatiz\u00f3 la necesidad de evitar cualquier medida que pueda conducir a una escalada m\u00e1s amplia del conflicto, de acuerdo con la emisora estatal TRT. Fin<\/p>\n","protected":false},"excerpt":{"rendered":"<p>ANKARA, 4 mar (Xinhua) &#8212; El Ministerio de Defensa turco anunci\u00f3 hoy mi\u00e9rcoles que un&#8230;<\/p>\n","protected":false},"author":1,"featured_media":0,"comment_status":"closed","ping_status":"closed","sticky":false,"template":"","format":"standard","meta":{"footnotes":""},"categories":[2],"tags":[],"class_list":["post-20003","post","type-post","status-publish","format-standard","hentry","category-internacional"],"_links":{"self":[{"href":"https:\/\/informadorweb.com\/index.php?rest_route=\/wp\/v2\/posts\/20003","targetHints":{"allow":["GET"]}}],"collection":[{"href":"https:\/\/informadorweb.com\/index.php?rest_route=\/wp\/v2\/posts"}],"about":[{"href":"https:\/\/informadorweb.com\/index.php?rest_route=\/wp\/v2\/types\/post"}],"author":[{"embeddable":true,"href":"https:\/\/informadorweb.com\/index.php?rest_route=\/wp\/v2\/users\/1"}],"replies":[{"embeddable":true,"href":"https:\/\/informadorweb.com\/index.php?rest_route=%2Fwp%2Fv2%2Fcomments&post=20003"}],"version-history":[{"count":1,"href":"https:\/\/informadorweb.com\/index.php?rest_route=\/wp\/v2\/posts\/20003\/revisions"}],"predecessor-version":[{"id":20004,"href":"https:\/\/informadorweb.com\/index.php?rest_route=\/wp\/v2\/posts\/20003\/revisions\/20004"}],"wp:attachment":[{"href":"https:\/\/informadorweb.com\/index.php?rest_route=%2Fwp%2Fv2%2Fmedia&parent=20003"}],"wp:term":[{"taxonomy":"category","embeddable":true,"href":"https:\/\/informadorweb.com\/index.php?rest_route=%2Fwp%2Fv2%2Fcategories&post=20003"},{"taxonomy":"post_tag","embeddable":true,"href":"https:\/\/informadorweb.com\/index.php?rest_route=%2Fwp%2Fv2%2Ftags&post=20003"}],"curies":[{"name":"wp","href":"https:\/\/api.w.org\/{rel}","templated":true}]}}