{"id":19989,"date":"2026-03-05T11:22:43","date_gmt":"2026-03-05T17:22:43","guid":{"rendered":"https:\/\/informadorweb.com\/?p=19989"},"modified":"2026-03-05T17:22:44","modified_gmt":"2026-03-05T17:22:44","slug":"ampliacion-iran-seleccionara-pronto-a-proximo-lider-supremo-de-entre-candidatos-determinados-dice-alto-clerigo","status":"publish","type":"post","link":"https:\/\/informadorweb.com\/?p=19989","title":{"rendered":"Ampliaci\u00f3n: Ir\u00e1n seleccionar\u00e1 pronto a pr\u00f3ximo l\u00edder supremo de entre candidatos determinados, dice alto cl\u00e9rigo"},"content":{"rendered":"<p>TEHER\u00c1N, 4 mar (Xinhua) &#8212; Un alto cl\u00e9rigo y miembro de la Asamblea de Expertos de Ir\u00e1n dijo hoy mi\u00e9rcoles que el pa\u00eds seleccionar\u00e1 pronto a su pr\u00f3ximo l\u00edder supremo de entre los candidatos determinados. Seyed Ahmad Khatami hizo estas declaraciones en una entrevista con el canal de televisi\u00f3n estatal IRIB cuatro d\u00edas despu\u00e9s de que el l\u00edder supremo de Ir\u00e1n, Ali Khamenei, fuera asesinado en un ataque estadounidense-israel\u00ed contra la capital iran\u00ed, Teher\u00e1n. Subray\u00f3 que no ha habido ning\u00fan problema en la dirigencia del pa\u00eds y se\u00f1al\u00f3 que el consejo de liderazgo interino, integrado por el presidente, Masoud Pezeshkian, el presidente del poder judicial, Gholamhossein Mohseni-Ejei, y Alireza Arafi, un jurista del Consejo Constitucional del pa\u00eds, est\u00e1 dirigiendo el pa\u00eds. Khatami expres\u00f3 su esperanza de que el pr\u00f3ximo l\u00edder sea elegido lo antes posible y apunt\u00f3 que \u00abestamos cerca de lograrlo\u00bb. Dijo que la Asamblea de Expertos ha emprendido las primeras acciones, incluyendo la consulta a los miembros y enfatiz\u00f3 que \u00abdebemos actuar conforme a la ley\u00bb. La asamblea de 88 esca\u00f1os es la autoridad suprema de Ir\u00e1n responsable de elegir, supervisar y destituir al l\u00edder supremo del pa\u00eds. El anuncio fue hecho luego de los ataques conjuntos estadounidenses e israel\u00edes contra Teher\u00e1n y varias otras ciudades iran\u00edes que comenzaron el s\u00e1bado por la ma\u00f1ana, y que provocaron la muerte del l\u00edder supremo iran\u00ed, sus familiares, altos mandos militares y civiles. Ir\u00e1n respondi\u00f3 con varias rondas de ataques con misiles y drones contra Israel y activos estadounidenses en la regi\u00f3n de Asia Occidental. Fin<\/p>\n","protected":false},"excerpt":{"rendered":"<p>TEHER\u00c1N, 4 mar (Xinhua) &#8212; Un alto cl\u00e9rigo y miembro de la Asamblea de Expertos&#8230;<\/p>\n","protected":false},"author":1,"featured_media":0,"comment_status":"closed","ping_status":"closed","sticky":false,"template":"","format":"standard","meta":{"footnotes":""},"categories":[2],"tags":[],"class_list":["post-19989","post","type-post","status-publish","format-standard","hentry","category-internacional"],"_links":{"self":[{"href":"https:\/\/informadorweb.com\/index.php?rest_route=\/wp\/v2\/posts\/19989","targetHints":{"allow":["GET"]}}],"collection":[{"href":"https:\/\/informadorweb.com\/index.php?rest_route=\/wp\/v2\/posts"}],"about":[{"href":"https:\/\/informadorweb.com\/index.php?rest_route=\/wp\/v2\/types\/post"}],"author":[{"embeddable":true,"href":"https:\/\/informadorweb.com\/index.php?rest_route=\/wp\/v2\/users\/1"}],"replies":[{"embeddable":true,"href":"https:\/\/informadorweb.com\/index.php?rest_route=%2Fwp%2Fv2%2Fcomments&post=19989"}],"version-history":[{"count":1,"href":"https:\/\/informadorweb.com\/index.php?rest_route=\/wp\/v2\/posts\/19989\/revisions"}],"predecessor-version":[{"id":19990,"href":"https:\/\/informadorweb.com\/index.php?rest_route=\/wp\/v2\/posts\/19989\/revisions\/19990"}],"wp:attachment":[{"href":"https:\/\/informadorweb.com\/index.php?rest_route=%2Fwp%2Fv2%2Fmedia&parent=19989"}],"wp:term":[{"taxonomy":"category","embeddable":true,"href":"https:\/\/informadorweb.com\/index.php?rest_route=%2Fwp%2Fv2%2Fcategories&post=19989"},{"taxonomy":"post_tag","embeddable":true,"href":"https:\/\/informadorweb.com\/index.php?rest_route=%2Fwp%2Fv2%2Ftags&post=19989"}],"curies":[{"name":"wp","href":"https:\/\/api.w.org\/{rel}","templated":true}]}}