{"id":19967,"date":"2026-03-05T11:17:49","date_gmt":"2026-03-05T17:17:49","guid":{"rendered":"https:\/\/informadorweb.com\/?p=19967"},"modified":"2026-03-05T17:17:50","modified_gmt":"2026-03-05T17:17:50","slug":"macron-expresa-apoyo-a-espana-ante-amenaza-de-eeuu-sobre-comercio","status":"publish","type":"post","link":"https:\/\/informadorweb.com\/?p=19967","title":{"rendered":"Macron expresa apoyo a Espa\u00f1a ante amenaza de EEUU sobre comercio"},"content":{"rendered":"<p>PAR\u00cdS, 4 mar (Xinhua) &#8212; El presidente de Francia, Emmanuel Macron, expres\u00f3 hoy mi\u00e9rcoles apoyo a Espa\u00f1a despu\u00e9s de que el presidente estadounidense, Donald Trump, amenazara con \u00abinterrumpir todo el comercio con Espa\u00f1a\u00bb, inform\u00f3 un medio de comunicaci\u00f3n franc\u00e9s. El diario franc\u00e9s Le Parisien report\u00f3 que Macron tuvo una conversaci\u00f3n telef\u00f3nica hoy con el presidente del Gobierno espa\u00f1ol, Pedro S\u00e1nchez, para manifestarle la \u00absolidaridad europea\u00bb de Francia ante las recientes amenazas estadounidenses de coerci\u00f3n econ\u00f3mica contra Espa\u00f1a. Trump amenaz\u00f3 el martes con \u00abinterrumpir todo el comercio con Espa\u00f1a\u00bb despu\u00e9s de que este pa\u00eds se rehusara a permitir que el ej\u00e9rcito estadounidense utilizara su base para ataques contra Ir\u00e1n. S\u00e1nchez rechaz\u00f3 hoy las amenazas estadounidenses y afirm\u00f3 que Espa\u00f1a no ceder\u00e1 ante \u00ablas represalias de nadie\u00bb. Fin<\/p>\n","protected":false},"excerpt":{"rendered":"<p>PAR\u00cdS, 4 mar (Xinhua) &#8212; El presidente de Francia, Emmanuel Macron, expres\u00f3 hoy mi\u00e9rcoles apoyo&#8230;<\/p>\n","protected":false},"author":1,"featured_media":0,"comment_status":"closed","ping_status":"closed","sticky":false,"template":"","format":"standard","meta":{"footnotes":""},"categories":[2],"tags":[],"class_list":["post-19967","post","type-post","status-publish","format-standard","hentry","category-internacional"],"_links":{"self":[{"href":"https:\/\/informadorweb.com\/index.php?rest_route=\/wp\/v2\/posts\/19967","targetHints":{"allow":["GET"]}}],"collection":[{"href":"https:\/\/informadorweb.com\/index.php?rest_route=\/wp\/v2\/posts"}],"about":[{"href":"https:\/\/informadorweb.com\/index.php?rest_route=\/wp\/v2\/types\/post"}],"author":[{"embeddable":true,"href":"https:\/\/informadorweb.com\/index.php?rest_route=\/wp\/v2\/users\/1"}],"replies":[{"embeddable":true,"href":"https:\/\/informadorweb.com\/index.php?rest_route=%2Fwp%2Fv2%2Fcomments&post=19967"}],"version-history":[{"count":1,"href":"https:\/\/informadorweb.com\/index.php?rest_route=\/wp\/v2\/posts\/19967\/revisions"}],"predecessor-version":[{"id":19968,"href":"https:\/\/informadorweb.com\/index.php?rest_route=\/wp\/v2\/posts\/19967\/revisions\/19968"}],"wp:attachment":[{"href":"https:\/\/informadorweb.com\/index.php?rest_route=%2Fwp%2Fv2%2Fmedia&parent=19967"}],"wp:term":[{"taxonomy":"category","embeddable":true,"href":"https:\/\/informadorweb.com\/index.php?rest_route=%2Fwp%2Fv2%2Fcategories&post=19967"},{"taxonomy":"post_tag","embeddable":true,"href":"https:\/\/informadorweb.com\/index.php?rest_route=%2Fwp%2Fv2%2Ftags&post=19967"}],"curies":[{"name":"wp","href":"https:\/\/api.w.org\/{rel}","templated":true}]}}