{"id":19943,"date":"2026-03-05T11:13:16","date_gmt":"2026-03-05T17:13:16","guid":{"rendered":"https:\/\/informadorweb.com\/?p=19943"},"modified":"2026-03-05T17:13:17","modified_gmt":"2026-03-05T17:13:17","slug":"pedro-sanchez-pide-paz-en-iran-y-rechaza-las-amenazas-comerciales-de-trump-2","status":"publish","type":"post","link":"https:\/\/informadorweb.com\/?p=19943","title":{"rendered":"Pedro S\u00e1nchez pide paz en Ir\u00e1n y rechaza las amenazas comerciales de Trump"},"content":{"rendered":"<p>MADRID, 4 mar (Xinhua) &#8212; El presidente del Gobierno de Espa\u00f1a, Pedro S\u00e1nchez, hizo hoy mi\u00e9rcoles un llamamiento a la paz ante la escalada del conflicto que involucra a Estados Unidos, Israel e Ir\u00e1n, al tiempo que rechaz\u00f3 las amenazas de represalias del presidente de EE. UU., Donald Trump, por la negativa de Espa\u00f1a a permitir que bases estadounidenses en su territorio sean utilizadas para ataques contra Ir\u00e1n. S\u00e1nchez realiz\u00f3 estas declaraciones en una comparecencia institucional desde su residencia oficial en el Palacio de la Moncloa, despu\u00e9s de que Trump amenazara el martes con imponer un embargo comercial a Espa\u00f1a tras la decisi\u00f3n de Madrid de no autorizar el uso de bases militares estadounidenses en el pa\u00eds para operaciones contra Ir\u00e1n. El mandatario afirm\u00f3 que la posici\u00f3n del Gobierno espa\u00f1ol es \u00abclara y consistente\u00bb, subrayando el respeto al derecho internacional y su oposici\u00f3n a una escalada militar. \u00abNo a la quiebra de un derecho internacional que nos protege a todos. No a resolver conflictos con bombas\u00bb, dijo S\u00e1nchez, resumiendo la posici\u00f3n de Espa\u00f1a en \u00abno a la guerra\u00bb. Al referirse a la guerra de Irak, S\u00e1nchez advirti\u00f3 que un conflicto con Ir\u00e1n no traer\u00eda \u00abun orden internacional m\u00e1s justo\u00bb, sino que aumentar\u00eda la incertidumbre econ\u00f3mica y elevar\u00eda los precios del petr\u00f3leo y el gas. En relaci\u00f3n con las amenazas de Trump, S\u00e1nchez afirm\u00f3 que Espa\u00f1a no ceder\u00e1 \u00abpor el miedo a las represalias de alguno\u00bb, y destac\u00f3 la confianza absoluta en la \u00abfortaleza econ\u00f3mica institucional y moral\u00bb del pa\u00eds. Fin<\/p>\n","protected":false},"excerpt":{"rendered":"<p>MADRID, 4 mar (Xinhua) &#8212; El presidente del Gobierno de Espa\u00f1a, Pedro S\u00e1nchez, hizo hoy&#8230;<\/p>\n","protected":false},"author":1,"featured_media":0,"comment_status":"closed","ping_status":"closed","sticky":false,"template":"","format":"standard","meta":{"footnotes":""},"categories":[2],"tags":[],"class_list":["post-19943","post","type-post","status-publish","format-standard","hentry","category-internacional"],"_links":{"self":[{"href":"https:\/\/informadorweb.com\/index.php?rest_route=\/wp\/v2\/posts\/19943","targetHints":{"allow":["GET"]}}],"collection":[{"href":"https:\/\/informadorweb.com\/index.php?rest_route=\/wp\/v2\/posts"}],"about":[{"href":"https:\/\/informadorweb.com\/index.php?rest_route=\/wp\/v2\/types\/post"}],"author":[{"embeddable":true,"href":"https:\/\/informadorweb.com\/index.php?rest_route=\/wp\/v2\/users\/1"}],"replies":[{"embeddable":true,"href":"https:\/\/informadorweb.com\/index.php?rest_route=%2Fwp%2Fv2%2Fcomments&post=19943"}],"version-history":[{"count":1,"href":"https:\/\/informadorweb.com\/index.php?rest_route=\/wp\/v2\/posts\/19943\/revisions"}],"predecessor-version":[{"id":19944,"href":"https:\/\/informadorweb.com\/index.php?rest_route=\/wp\/v2\/posts\/19943\/revisions\/19944"}],"wp:attachment":[{"href":"https:\/\/informadorweb.com\/index.php?rest_route=%2Fwp%2Fv2%2Fmedia&parent=19943"}],"wp:term":[{"taxonomy":"category","embeddable":true,"href":"https:\/\/informadorweb.com\/index.php?rest_route=%2Fwp%2Fv2%2Fcategories&post=19943"},{"taxonomy":"post_tag","embeddable":true,"href":"https:\/\/informadorweb.com\/index.php?rest_route=%2Fwp%2Fv2%2Ftags&post=19943"}],"curies":[{"name":"wp","href":"https:\/\/api.w.org\/{rel}","templated":true}]}}