{"id":19919,"date":"2026-03-05T11:06:19","date_gmt":"2026-03-05T17:06:19","guid":{"rendered":"https:\/\/informadorweb.com\/?p=19919"},"modified":"2026-03-05T17:06:21","modified_gmt":"2026-03-05T17:06:21","slug":"israel-dice-que-cualquier-sucesor-de-irani-jamenei-sera-objetivo-a-eliminar-2","status":"publish","type":"post","link":"https:\/\/informadorweb.com\/?p=19919","title":{"rendered":"Israel dice que cualquier sucesor de iran\u00ed Jamenei ser\u00e1 \u00abobjetivo a eliminar\u00bb"},"content":{"rendered":"<p>JERUSAL\u00c9N, 4 mar (Xinhua) &#8212; Israel advirti\u00f3 hoy mi\u00e9rcoles de que cualquiera que Ir\u00e1n elija como su l\u00edder supremo ser\u00e1 \u00abun objetivo a eliminar\u00bb. El ministro israel\u00ed de Defensa, Israel Katz, declar\u00f3 mediante un comunicado que \u00abcualquier l\u00edder\u00bb elegido por el r\u00e9gimen iran\u00ed ser\u00e1 \u00abun objetivo inequ\u00edvoco a eliminar\u00bb, a\u00f1adiendo que el premier Benjamin Netanyahu y \u00e9l mismo han ordenado a las Fuerzas de Defensa de Israel \u00abpreparar y utilizar todos los medios necesarios para ejecutar esta misi\u00f3n\u00bb. Mojtaba Jamenei, hijo del exl\u00edder supremo iran\u00ed Ali Jamenei, fue llamado a sucederle, seg\u00fan la agencia semioficial de noticias Fars de Ir\u00e1n. El martes, Israel atac\u00f3 un edificio de la Asamblea de Expertos de Ir\u00e1n, que elige al l\u00edder supremo. Fin<\/p>\n","protected":false},"excerpt":{"rendered":"<p>JERUSAL\u00c9N, 4 mar (Xinhua) &#8212; Israel advirti\u00f3 hoy mi\u00e9rcoles de que cualquiera que Ir\u00e1n elija&#8230;<\/p>\n","protected":false},"author":1,"featured_media":0,"comment_status":"closed","ping_status":"closed","sticky":false,"template":"","format":"standard","meta":{"footnotes":""},"categories":[2],"tags":[],"class_list":["post-19919","post","type-post","status-publish","format-standard","hentry","category-internacional"],"_links":{"self":[{"href":"https:\/\/informadorweb.com\/index.php?rest_route=\/wp\/v2\/posts\/19919","targetHints":{"allow":["GET"]}}],"collection":[{"href":"https:\/\/informadorweb.com\/index.php?rest_route=\/wp\/v2\/posts"}],"about":[{"href":"https:\/\/informadorweb.com\/index.php?rest_route=\/wp\/v2\/types\/post"}],"author":[{"embeddable":true,"href":"https:\/\/informadorweb.com\/index.php?rest_route=\/wp\/v2\/users\/1"}],"replies":[{"embeddable":true,"href":"https:\/\/informadorweb.com\/index.php?rest_route=%2Fwp%2Fv2%2Fcomments&post=19919"}],"version-history":[{"count":1,"href":"https:\/\/informadorweb.com\/index.php?rest_route=\/wp\/v2\/posts\/19919\/revisions"}],"predecessor-version":[{"id":19920,"href":"https:\/\/informadorweb.com\/index.php?rest_route=\/wp\/v2\/posts\/19919\/revisions\/19920"}],"wp:attachment":[{"href":"https:\/\/informadorweb.com\/index.php?rest_route=%2Fwp%2Fv2%2Fmedia&parent=19919"}],"wp:term":[{"taxonomy":"category","embeddable":true,"href":"https:\/\/informadorweb.com\/index.php?rest_route=%2Fwp%2Fv2%2Fcategories&post=19919"},{"taxonomy":"post_tag","embeddable":true,"href":"https:\/\/informadorweb.com\/index.php?rest_route=%2Fwp%2Fv2%2Ftags&post=19919"}],"curies":[{"name":"wp","href":"https:\/\/api.w.org\/{rel}","templated":true}]}}