{"id":19897,"date":"2026-03-05T10:59:44","date_gmt":"2026-03-05T16:59:44","guid":{"rendered":"https:\/\/informadorweb.com\/?p=19897"},"modified":"2026-03-05T16:59:45","modified_gmt":"2026-03-05T16:59:45","slug":"urgente-iran-celebrara-funeral-de-estado-por-ayatola-jamenei-el-miercoles-por-la-noche-segun-television-estatal","status":"publish","type":"post","link":"https:\/\/informadorweb.com\/?p=19897","title":{"rendered":"Urgente: Ir\u00e1n celebrar\u00e1 funeral de Estado por ayatol\u00e1 Jamenei el mi\u00e9rcoles por la noche, seg\u00fan televisi\u00f3n estatal"},"content":{"rendered":"<div class=\"el-scrollbar__wrap\">\n<div class=\"el-scrollbar__view\">\n<div class=\"news-content\" data-v-e79c3ee4=\"\">TEHER\u00c1N, 4 mar (Xinhua) &#8212; Ir\u00e1n celebrar\u00e1 un funeral de Estado por el fallecido l\u00edder supremo iran\u00ed, Ali Jamenei, hoy mi\u00e9rcoles por la noche, seg\u00fan informaron medios locales. Fin<\/div>\n<\/div>\n<\/div>\n<div class=\"el-scrollbar__bar is-horizontal\"><\/div>\n","protected":false},"excerpt":{"rendered":"<p>TEHER\u00c1N, 4 mar (Xinhua) &#8212; Ir\u00e1n celebrar\u00e1 un funeral de Estado por el fallecido l\u00edder&#8230;<\/p>\n","protected":false},"author":1,"featured_media":0,"comment_status":"closed","ping_status":"closed","sticky":false,"template":"","format":"standard","meta":{"footnotes":""},"categories":[2],"tags":[],"class_list":["post-19897","post","type-post","status-publish","format-standard","hentry","category-internacional"],"_links":{"self":[{"href":"https:\/\/informadorweb.com\/index.php?rest_route=\/wp\/v2\/posts\/19897","targetHints":{"allow":["GET"]}}],"collection":[{"href":"https:\/\/informadorweb.com\/index.php?rest_route=\/wp\/v2\/posts"}],"about":[{"href":"https:\/\/informadorweb.com\/index.php?rest_route=\/wp\/v2\/types\/post"}],"author":[{"embeddable":true,"href":"https:\/\/informadorweb.com\/index.php?rest_route=\/wp\/v2\/users\/1"}],"replies":[{"embeddable":true,"href":"https:\/\/informadorweb.com\/index.php?rest_route=%2Fwp%2Fv2%2Fcomments&post=19897"}],"version-history":[{"count":1,"href":"https:\/\/informadorweb.com\/index.php?rest_route=\/wp\/v2\/posts\/19897\/revisions"}],"predecessor-version":[{"id":19898,"href":"https:\/\/informadorweb.com\/index.php?rest_route=\/wp\/v2\/posts\/19897\/revisions\/19898"}],"wp:attachment":[{"href":"https:\/\/informadorweb.com\/index.php?rest_route=%2Fwp%2Fv2%2Fmedia&parent=19897"}],"wp:term":[{"taxonomy":"category","embeddable":true,"href":"https:\/\/informadorweb.com\/index.php?rest_route=%2Fwp%2Fv2%2Fcategories&post=19897"},{"taxonomy":"post_tag","embeddable":true,"href":"https:\/\/informadorweb.com\/index.php?rest_route=%2Fwp%2Fv2%2Ftags&post=19897"}],"curies":[{"name":"wp","href":"https:\/\/api.w.org\/{rel}","templated":true}]}}