{"id":19042,"date":"2026-03-04T12:10:56","date_gmt":"2026-03-04T18:10:56","guid":{"rendered":"https:\/\/informadorweb.com\/?p=19042"},"modified":"2026-03-04T18:10:57","modified_gmt":"2026-03-04T18:10:57","slug":"china-expresa-pesar-por-masivas-bajas-civiles-en-ataques-contra-iran","status":"publish","type":"post","link":"https:\/\/informadorweb.com\/?p=19042","title":{"rendered":"China expresa pesar por masivas bajas civiles en ataques contra Ir\u00e1n"},"content":{"rendered":"<p>BEIJING, 3 mar (Xinhua) &#8212; China expresa su profundo pesar por las masivas bajas civiles causadas por los ataques de Estados Unidos e Israel contra Ir\u00e1n, expres\u00f3 hoy martes una portavoz del Ministerio chino de Relaciones Exteriores. China condena en\u00e9rgicamente estas acciones, afirm\u00f3 en una conferencia de prensa regular la portavoz de la canciller\u00eda, Mao Ning, al responder una pregunta de los medios sobre este tema. \u00abLa protecci\u00f3n de civiles en conflictos armados es una l\u00ednea roja que no debe ser violada. El uso indiscriminado de la fuerza no puede ser aceptado\u00bb, puntualiz\u00f3 la vocera. China hace un llamado a todas las partes a cumplir con sus obligaciones bajo el derecho internacional, garantizar efectivamente la seguridad de los civiles y evitar ataques a instalaciones civiles, agreg\u00f3 Mao. Fin<\/p>\n","protected":false},"excerpt":{"rendered":"<p>BEIJING, 3 mar (Xinhua) &#8212; China expresa su profundo pesar por las masivas bajas civiles&#8230;<\/p>\n","protected":false},"author":1,"featured_media":0,"comment_status":"closed","ping_status":"closed","sticky":false,"template":"","format":"standard","meta":{"footnotes":""},"categories":[2],"tags":[],"class_list":["post-19042","post","type-post","status-publish","format-standard","hentry","category-internacional"],"_links":{"self":[{"href":"https:\/\/informadorweb.com\/index.php?rest_route=\/wp\/v2\/posts\/19042","targetHints":{"allow":["GET"]}}],"collection":[{"href":"https:\/\/informadorweb.com\/index.php?rest_route=\/wp\/v2\/posts"}],"about":[{"href":"https:\/\/informadorweb.com\/index.php?rest_route=\/wp\/v2\/types\/post"}],"author":[{"embeddable":true,"href":"https:\/\/informadorweb.com\/index.php?rest_route=\/wp\/v2\/users\/1"}],"replies":[{"embeddable":true,"href":"https:\/\/informadorweb.com\/index.php?rest_route=%2Fwp%2Fv2%2Fcomments&post=19042"}],"version-history":[{"count":1,"href":"https:\/\/informadorweb.com\/index.php?rest_route=\/wp\/v2\/posts\/19042\/revisions"}],"predecessor-version":[{"id":19043,"href":"https:\/\/informadorweb.com\/index.php?rest_route=\/wp\/v2\/posts\/19042\/revisions\/19043"}],"wp:attachment":[{"href":"https:\/\/informadorweb.com\/index.php?rest_route=%2Fwp%2Fv2%2Fmedia&parent=19042"}],"wp:term":[{"taxonomy":"category","embeddable":true,"href":"https:\/\/informadorweb.com\/index.php?rest_route=%2Fwp%2Fv2%2Fcategories&post=19042"},{"taxonomy":"post_tag","embeddable":true,"href":"https:\/\/informadorweb.com\/index.php?rest_route=%2Fwp%2Fv2%2Ftags&post=19042"}],"curies":[{"name":"wp","href":"https:\/\/api.w.org\/{rel}","templated":true}]}}