{"id":19040,"date":"2026-03-04T12:10:25","date_gmt":"2026-03-04T18:10:25","guid":{"rendered":"https:\/\/informadorweb.com\/?p=19040"},"modified":"2026-03-04T18:10:27","modified_gmt":"2026-03-04T18:10:27","slug":"iran-dice-que-detener-agresion-de-ee-uu-e-israel-es-unica-manera-de-finalizar-la-guerra","status":"publish","type":"post","link":"https:\/\/informadorweb.com\/?p=19040","title":{"rendered":"Ir\u00e1n dice que detener \u00abagresi\u00f3n\u00bb de EE. UU. e Israel es \u00fanica manera de finalizar la guerra"},"content":{"rendered":"<p>TEHER\u00c1N, 3 mar (Xinhua) &#8212; El portavoz del Ministerio de Relaciones Exteriores de Ir\u00e1n Esmaeil Baghaei dijo hoy martes que la \u00fanica manera de poner fin a la guerra es deteniendo la \u00abagresi\u00f3n\u00bb estadounidense e israel\u00ed contra Ir\u00e1n. El funcionario hizo estas declaraciones durante una conferencia de prensa semanal celebrada en una escuela de la capital iran\u00ed, Teher\u00e1n, da\u00f1ada como resultado de los recientes ataques de Estados Unidos e Israel; comentando las condiciones previas de Ir\u00e1n para poner fin a la guerra. Baghaei declar\u00f3 que \u00abesta agresi\u00f3n militar no ha sido nuestra elecci\u00f3n. Nuestra elecci\u00f3n siempre ha sido la diplomacia\u00bb, a\u00f1adiendo que el aparato diplom\u00e1tico de Ir\u00e1n sigui\u00f3 \u00abvalientemente\u00bb el camino de la diplomacia con el apoyo del Gobierno e hizo todo lo posible hasta el \u00faltimo momento para evitar la guerra, pero la otra parte decidi\u00f3 iniciarla. \u00abLa manera de detener esta guerra es parar la agresi\u00f3n. El Consejo de Seguridad de las Naciones Unidas tiene una responsabilidad (en este sentido)\u00bb, interpel\u00f3. Baghaei reiter\u00f3 que la comunidad internacional debe adoptar su decisi\u00f3n antes de que sea tarde y el alcance de la guerra se expanda en la regi\u00f3n de Asia Occidental. Preguntado sobre la posibilidad de que ciertos pa\u00edses \u00e1rabes formaran una coalici\u00f3n anti-Ir\u00e1n con Estados Unidos, se\u00f1al\u00f3 que la pol\u00edtica de principios de Teher\u00e1n es continuar sus buenas relaciones con los vecinos, enfatizando que las acciones de Ir\u00e1n contra EE. UU. no indican de ninguna manera hostilidad del pa\u00eds hacia los pa\u00edses de la regi\u00f3n. Baghaei afirm\u00f3 que Ir\u00e1n ha sido atacado injustamente y sin ninguna raz\u00f3n, alertando de que las \u00abllamas\u00bb de la guerra se extender\u00e1n por todas partes si no se toman las medidas necesarias. Fin<\/p>\n","protected":false},"excerpt":{"rendered":"<p>TEHER\u00c1N, 3 mar (Xinhua) &#8212; El portavoz del Ministerio de Relaciones Exteriores de Ir\u00e1n Esmaeil&#8230;<\/p>\n","protected":false},"author":1,"featured_media":0,"comment_status":"closed","ping_status":"closed","sticky":false,"template":"","format":"standard","meta":{"footnotes":""},"categories":[2],"tags":[],"class_list":["post-19040","post","type-post","status-publish","format-standard","hentry","category-internacional"],"_links":{"self":[{"href":"https:\/\/informadorweb.com\/index.php?rest_route=\/wp\/v2\/posts\/19040","targetHints":{"allow":["GET"]}}],"collection":[{"href":"https:\/\/informadorweb.com\/index.php?rest_route=\/wp\/v2\/posts"}],"about":[{"href":"https:\/\/informadorweb.com\/index.php?rest_route=\/wp\/v2\/types\/post"}],"author":[{"embeddable":true,"href":"https:\/\/informadorweb.com\/index.php?rest_route=\/wp\/v2\/users\/1"}],"replies":[{"embeddable":true,"href":"https:\/\/informadorweb.com\/index.php?rest_route=%2Fwp%2Fv2%2Fcomments&post=19040"}],"version-history":[{"count":1,"href":"https:\/\/informadorweb.com\/index.php?rest_route=\/wp\/v2\/posts\/19040\/revisions"}],"predecessor-version":[{"id":19041,"href":"https:\/\/informadorweb.com\/index.php?rest_route=\/wp\/v2\/posts\/19040\/revisions\/19041"}],"wp:attachment":[{"href":"https:\/\/informadorweb.com\/index.php?rest_route=%2Fwp%2Fv2%2Fmedia&parent=19040"}],"wp:term":[{"taxonomy":"category","embeddable":true,"href":"https:\/\/informadorweb.com\/index.php?rest_route=%2Fwp%2Fv2%2Fcategories&post=19040"},{"taxonomy":"post_tag","embeddable":true,"href":"https:\/\/informadorweb.com\/index.php?rest_route=%2Fwp%2Fv2%2Ftags&post=19040"}],"curies":[{"name":"wp","href":"https:\/\/api.w.org\/{rel}","templated":true}]}}