{"id":19034,"date":"2026-03-04T12:09:13","date_gmt":"2026-03-04T18:09:13","guid":{"rendered":"https:\/\/informadorweb.com\/?p=19034"},"modified":"2026-03-04T18:09:14","modified_gmt":"2026-03-04T18:09:14","slug":"trump-expresa-decepcion-por-negativa-del-reino-unido-a-sumarse-al-ataque-contra-iran","status":"publish","type":"post","link":"https:\/\/informadorweb.com\/?p=19034","title":{"rendered":"Trump expresa decepci\u00f3n por negativa del Reino Unido a sumarse al ataque contra Ir\u00e1n"},"content":{"rendered":"<p>LONDRES, 3 mar (Xinhua) &#8212; El presidente de Estados Unidos, Donald Trump, dijo que la relaci\u00f3n anglo-estadounidense \u00abobviamente no es la que fue\u00bb, mientras Reino Unido reafirm\u00f3 su decisi\u00f3n de no sumarse a los ataques de EE. UU. e Israel contra Ir\u00e1n, inform\u00f3 hoy martes un medio brit\u00e1nico. En declaraciones al diario The Sun, Trump se\u00f1al\u00f3 que el primer ministro brit\u00e1nico, Keir Starmer, \u00abno ha sido de ayuda\u00bb. \u00abNunca pens\u00e9 que ver\u00eda eso. Nunca pens\u00e9 que ver\u00eda eso de Reino Unido\u00bb, manifest\u00f3 Trump, a\u00f1adiendo que \u00abes muy triste ver que la relaci\u00f3n obviamente no es la que fue\u00bb. Trump afirm\u00f3 estar \u00abmuy decepcionado\u00bb con Starmer por impedirle utilizar la base militar en Diego Garc\u00eda para ejecutar ataques contra Ir\u00e1n. El rechazo brit\u00e1nico a permitir previamente que las fuerzas estadounidenses utilizasen la base fue algo que nunca hab\u00eda \u00abocurrido antes entre nuestros dos pa\u00edses\u00bb, expres\u00f3 Trump. En un comunicado este domingo, Starmer acept\u00f3 la petici\u00f3n estadounidense de utilizar la base para \u00abprop\u00f3sitos de defensa espec\u00edficos y limitados\u00bb. Sin embargo, Trump consider\u00f3 que a Starmer \u00able llev\u00f3 demasiado tiempo\u00bb cambiar su opini\u00f3n. El lunes, Starmer declar\u00f3 ante el Parlamento brit\u00e1nico que Reino Unido no se sumar\u00e1 a los \u00abataques ofensivos\u00bb de EE. UU. e Israel contra Ir\u00e1n. \u00abEl presidente Trump ha expresado su desacuerdo con nuestra decisi\u00f3n de no involucrarnos en los primeros ataques, pero es mi deber juzgar cu\u00e1l es el inter\u00e9s nacional del Reino Unido\u00bb, afirm\u00f3. Fin<\/p>\n","protected":false},"excerpt":{"rendered":"<p>LONDRES, 3 mar (Xinhua) &#8212; El presidente de Estados Unidos, Donald Trump, dijo que la&#8230;<\/p>\n","protected":false},"author":1,"featured_media":0,"comment_status":"closed","ping_status":"closed","sticky":false,"template":"","format":"standard","meta":{"footnotes":""},"categories":[2],"tags":[],"class_list":["post-19034","post","type-post","status-publish","format-standard","hentry","category-internacional"],"_links":{"self":[{"href":"https:\/\/informadorweb.com\/index.php?rest_route=\/wp\/v2\/posts\/19034","targetHints":{"allow":["GET"]}}],"collection":[{"href":"https:\/\/informadorweb.com\/index.php?rest_route=\/wp\/v2\/posts"}],"about":[{"href":"https:\/\/informadorweb.com\/index.php?rest_route=\/wp\/v2\/types\/post"}],"author":[{"embeddable":true,"href":"https:\/\/informadorweb.com\/index.php?rest_route=\/wp\/v2\/users\/1"}],"replies":[{"embeddable":true,"href":"https:\/\/informadorweb.com\/index.php?rest_route=%2Fwp%2Fv2%2Fcomments&post=19034"}],"version-history":[{"count":1,"href":"https:\/\/informadorweb.com\/index.php?rest_route=\/wp\/v2\/posts\/19034\/revisions"}],"predecessor-version":[{"id":19035,"href":"https:\/\/informadorweb.com\/index.php?rest_route=\/wp\/v2\/posts\/19034\/revisions\/19035"}],"wp:attachment":[{"href":"https:\/\/informadorweb.com\/index.php?rest_route=%2Fwp%2Fv2%2Fmedia&parent=19034"}],"wp:term":[{"taxonomy":"category","embeddable":true,"href":"https:\/\/informadorweb.com\/index.php?rest_route=%2Fwp%2Fv2%2Fcategories&post=19034"},{"taxonomy":"post_tag","embeddable":true,"href":"https:\/\/informadorweb.com\/index.php?rest_route=%2Fwp%2Fv2%2Ftags&post=19034"}],"curies":[{"name":"wp","href":"https:\/\/api.w.org\/{rel}","templated":true}]}}