{"id":17577,"date":"2026-03-02T16:43:34","date_gmt":"2026-03-02T22:43:34","guid":{"rendered":"https:\/\/informadorweb.com\/?p=17577"},"modified":"2026-03-02T22:43:35","modified_gmt":"2026-03-02T22:43:35","slug":"avance-israel-intensificara-ataques-en-teheran-dice-netanyahu-y-cita-apoyo-de-eeuu","status":"publish","type":"post","link":"https:\/\/informadorweb.com\/?p=17577","title":{"rendered":"Avance: Israel intensificar\u00e1 ataques en Teher\u00e1n, dice Netanyahu y cita apoyo de EEUU"},"content":{"rendered":"<p>JERUSAL\u00c9N, 1 mar (Xinhua) &#8212; El primer ministro de Israel, Benjamin Netanyahu, indic\u00f3 hoy que la fuerza a\u00e9rea israel\u00ed atacar\u00e1 Teher\u00e1n \u00abcon cada vez m\u00e1s intensidad\u00bb y que las operaciones \u00abse seguir\u00e1n intensificando en los pr\u00f3ximos d\u00edas\u00bb. Durante una declaraci\u00f3n en video desde el techo de los cuarteles militares de Kirya en Tel Aviv, Netanyahu dijo que ha recibido informes de importantes funcionarios militares y de seguridad y que ha emitido \u00f3rdenes para la pr\u00f3xima etapa de las operaciones. \u00abAyer eliminamos a Khamenei. Junto con \u00e9l, matamos a decenas de altos funcionarios. Nuestras fuerzas est\u00e1n golpeando ahora el coraz\u00f3n de Teher\u00e1n con creciente intensidad, una que s\u00f3lo se seguir\u00e1 intensificando en los pr\u00f3ximos d\u00edas\u00bb, dijo. Netanyahu dijo que las operaciones se llevan a cabo con apoyo de Estados Unidos, y mencion\u00f3 al presidente Donald Trump y al Ej\u00e9rcito estadounidense. \u00abEsta combinaci\u00f3n de fuerzas nos permite hacer lo que hab\u00edamos estado buscando durante mucho tiempo, durante 40 a\u00f1os\u00bb, que es atacar a Ir\u00e1n \u00abde forma decisiva\u00bb, dijo Netanyahu y a\u00f1adi\u00f3 que \u00abesto es lo que promet\u00ed, y es lo que haremos\u00bb. El s\u00e1bado, Estados Unidos e Israel lanzaron ataques masivos contra Ir\u00e1n y mataron al l\u00edder supremo iran\u00ed Ali Khamenei, junto con varios altos funcionarios m\u00e1s. Los ataques conjuntos motivaron ataques de represalia por parte de Ir\u00e1n contra objetivos israel\u00edes y estadounidenses en todo Medio Oriente. Fin<\/p>\n","protected":false},"excerpt":{"rendered":"<p>JERUSAL\u00c9N, 1 mar (Xinhua) &#8212; El primer ministro de Israel, Benjamin Netanyahu, indic\u00f3 hoy que&#8230;<\/p>\n","protected":false},"author":1,"featured_media":0,"comment_status":"closed","ping_status":"closed","sticky":false,"template":"","format":"standard","meta":{"footnotes":""},"categories":[2],"tags":[],"class_list":["post-17577","post","type-post","status-publish","format-standard","hentry","category-internacional"],"_links":{"self":[{"href":"https:\/\/informadorweb.com\/index.php?rest_route=\/wp\/v2\/posts\/17577","targetHints":{"allow":["GET"]}}],"collection":[{"href":"https:\/\/informadorweb.com\/index.php?rest_route=\/wp\/v2\/posts"}],"about":[{"href":"https:\/\/informadorweb.com\/index.php?rest_route=\/wp\/v2\/types\/post"}],"author":[{"embeddable":true,"href":"https:\/\/informadorweb.com\/index.php?rest_route=\/wp\/v2\/users\/1"}],"replies":[{"embeddable":true,"href":"https:\/\/informadorweb.com\/index.php?rest_route=%2Fwp%2Fv2%2Fcomments&post=17577"}],"version-history":[{"count":1,"href":"https:\/\/informadorweb.com\/index.php?rest_route=\/wp\/v2\/posts\/17577\/revisions"}],"predecessor-version":[{"id":17578,"href":"https:\/\/informadorweb.com\/index.php?rest_route=\/wp\/v2\/posts\/17577\/revisions\/17578"}],"wp:attachment":[{"href":"https:\/\/informadorweb.com\/index.php?rest_route=%2Fwp%2Fv2%2Fmedia&parent=17577"}],"wp:term":[{"taxonomy":"category","embeddable":true,"href":"https:\/\/informadorweb.com\/index.php?rest_route=%2Fwp%2Fv2%2Fcategories&post=17577"},{"taxonomy":"post_tag","embeddable":true,"href":"https:\/\/informadorweb.com\/index.php?rest_route=%2Fwp%2Fv2%2Ftags&post=17577"}],"curies":[{"name":"wp","href":"https:\/\/api.w.org\/{rel}","templated":true}]}}