{"id":17557,"date":"2026-03-02T16:34:59","date_gmt":"2026-03-02T22:34:59","guid":{"rendered":"https:\/\/informadorweb.com\/?p=17557"},"modified":"2026-03-02T22:35:04","modified_gmt":"2026-03-02T22:35:04","slug":"primer-ministro-de-pakistan-expresa-pesame-por-asesinato-de-lider-supremo-de-iran","status":"publish","type":"post","link":"https:\/\/informadorweb.com\/?p=17557","title":{"rendered":"Primer ministro de Pakist\u00e1n expresa p\u00e9same por asesinato de l\u00edder supremo de Ir\u00e1n"},"content":{"rendered":"<p>ISLAMABAD, 1 mar (Xinhua) &#8212; El primer ministro de Pakist\u00e1n, Shehbaz Sharif, expres\u00f3 hoy domingo su p\u00e9same por el asesinato del l\u00edder supremo de Ir\u00e1n, el ayatol\u00e1 Ali Khamenei, en los ataques militares lanzados el s\u00e1bado por Estados Unidos e Israel en Teher\u00e1n. Pakist\u00e1n expres\u00f3 su preocupaci\u00f3n por la violaci\u00f3n de las normas del derecho internacional, dijo Sharif. Fin<\/p>\n","protected":false},"excerpt":{"rendered":"<p>ISLAMABAD, 1 mar (Xinhua) &#8212; El primer ministro de Pakist\u00e1n, Shehbaz Sharif, expres\u00f3 hoy domingo&#8230;<\/p>\n","protected":false},"author":1,"featured_media":0,"comment_status":"closed","ping_status":"closed","sticky":false,"template":"","format":"standard","meta":{"footnotes":""},"categories":[2],"tags":[],"class_list":["post-17557","post","type-post","status-publish","format-standard","hentry","category-internacional"],"_links":{"self":[{"href":"https:\/\/informadorweb.com\/index.php?rest_route=\/wp\/v2\/posts\/17557","targetHints":{"allow":["GET"]}}],"collection":[{"href":"https:\/\/informadorweb.com\/index.php?rest_route=\/wp\/v2\/posts"}],"about":[{"href":"https:\/\/informadorweb.com\/index.php?rest_route=\/wp\/v2\/types\/post"}],"author":[{"embeddable":true,"href":"https:\/\/informadorweb.com\/index.php?rest_route=\/wp\/v2\/users\/1"}],"replies":[{"embeddable":true,"href":"https:\/\/informadorweb.com\/index.php?rest_route=%2Fwp%2Fv2%2Fcomments&post=17557"}],"version-history":[{"count":1,"href":"https:\/\/informadorweb.com\/index.php?rest_route=\/wp\/v2\/posts\/17557\/revisions"}],"predecessor-version":[{"id":17558,"href":"https:\/\/informadorweb.com\/index.php?rest_route=\/wp\/v2\/posts\/17557\/revisions\/17558"}],"wp:attachment":[{"href":"https:\/\/informadorweb.com\/index.php?rest_route=%2Fwp%2Fv2%2Fmedia&parent=17557"}],"wp:term":[{"taxonomy":"category","embeddable":true,"href":"https:\/\/informadorweb.com\/index.php?rest_route=%2Fwp%2Fv2%2Fcategories&post=17557"},{"taxonomy":"post_tag","embeddable":true,"href":"https:\/\/informadorweb.com\/index.php?rest_route=%2Fwp%2Fv2%2Ftags&post=17557"}],"curies":[{"name":"wp","href":"https:\/\/api.w.org\/{rel}","templated":true}]}}