{"id":17527,"date":"2026-03-02T16:12:23","date_gmt":"2026-03-02T22:12:23","guid":{"rendered":"https:\/\/informadorweb.com\/?p=17527"},"modified":"2026-03-02T22:12:28","modified_gmt":"2026-03-02T22:12:28","slug":"irak-condena-asesinato-de-lider-supremo-irani-por-parte-de-ee-uu-e-israel-como-acto-culpable","status":"publish","type":"post","link":"https:\/\/informadorweb.com\/?p=17527","title":{"rendered":"Irak condena asesinato de l\u00edder supremo iran\u00ed por parte de EE. UU. e Israel como \u00abacto culpable\u00bb"},"content":{"rendered":"<p>BAGDAD, 1 mar (Xinhua) &#8212; El Gobierno de Irak conden\u00f3 hoy domingo el ataque estadounidense-israel\u00ed que acab\u00f3 con la vida del l\u00edder supremo iran\u00ed, el ayatol\u00e1 Ali Jamenei, calific\u00e1ndolo de \u00abagresi\u00f3n flagrante\u00bb y \u00abacto culpable\u00bb que viola las normas internacionales. \u00abOfrecemos nuestras condolencias al pueblo iran\u00ed y a toda la naci\u00f3n isl\u00e1mica\u00bb, dijo en un comunicado el portavoz del Gobierno iraqu\u00ed, Basim al Awadi, y pidi\u00f3 el cese de las operaciones militares que est\u00e1n intensificando la escalada en la regi\u00f3n. Irak tambi\u00e9n declar\u00f3 tres d\u00edas de luto nacional por Jamenei, cuya muerte desat\u00f3 violentas protestas cerca de la Embajada de Estados Unidos en Bagdad. Una fuente del Ministerio del Interior iraqu\u00ed dijo a Xinhua que los manifestantes intentaron al amanecer asaltar la entrada de la Embajada estadounidense cerca del puente colgante, en protesta por el ataque estadounidense-israel\u00ed. Los medios estatales de Ir\u00e1n confirmaron hoy que Jamenei muri\u00f3 en los ataques estadounidenses-israel\u00edes del s\u00e1bado. Fin<\/p>\n","protected":false},"excerpt":{"rendered":"<p>BAGDAD, 1 mar (Xinhua) &#8212; El Gobierno de Irak conden\u00f3 hoy domingo el ataque estadounidense-israel\u00ed&#8230;<\/p>\n","protected":false},"author":1,"featured_media":0,"comment_status":"closed","ping_status":"closed","sticky":false,"template":"","format":"standard","meta":{"footnotes":""},"categories":[2],"tags":[],"class_list":["post-17527","post","type-post","status-publish","format-standard","hentry","category-internacional"],"_links":{"self":[{"href":"https:\/\/informadorweb.com\/index.php?rest_route=\/wp\/v2\/posts\/17527","targetHints":{"allow":["GET"]}}],"collection":[{"href":"https:\/\/informadorweb.com\/index.php?rest_route=\/wp\/v2\/posts"}],"about":[{"href":"https:\/\/informadorweb.com\/index.php?rest_route=\/wp\/v2\/types\/post"}],"author":[{"embeddable":true,"href":"https:\/\/informadorweb.com\/index.php?rest_route=\/wp\/v2\/users\/1"}],"replies":[{"embeddable":true,"href":"https:\/\/informadorweb.com\/index.php?rest_route=%2Fwp%2Fv2%2Fcomments&post=17527"}],"version-history":[{"count":1,"href":"https:\/\/informadorweb.com\/index.php?rest_route=\/wp\/v2\/posts\/17527\/revisions"}],"predecessor-version":[{"id":17528,"href":"https:\/\/informadorweb.com\/index.php?rest_route=\/wp\/v2\/posts\/17527\/revisions\/17528"}],"wp:attachment":[{"href":"https:\/\/informadorweb.com\/index.php?rest_route=%2Fwp%2Fv2%2Fmedia&parent=17527"}],"wp:term":[{"taxonomy":"category","embeddable":true,"href":"https:\/\/informadorweb.com\/index.php?rest_route=%2Fwp%2Fv2%2Fcategories&post=17527"},{"taxonomy":"post_tag","embeddable":true,"href":"https:\/\/informadorweb.com\/index.php?rest_route=%2Fwp%2Fv2%2Ftags&post=17527"}],"curies":[{"name":"wp","href":"https:\/\/api.w.org\/{rel}","templated":true}]}}