{"id":17525,"date":"2026-03-02T16:11:34","date_gmt":"2026-03-02T22:11:34","guid":{"rendered":"https:\/\/informadorweb.com\/?p=17525"},"modified":"2026-03-02T22:11:38","modified_gmt":"2026-03-02T22:11:38","slug":"alto-funcionario-de-seguridad-irani-promete-dura-represalia-contra-eeuu-e-israel","status":"publish","type":"post","link":"https:\/\/informadorweb.com\/?p=17525","title":{"rendered":"Alto funcionario de seguridad iran\u00ed promete dura represalia contra EEUU e Israel"},"content":{"rendered":"<p>TEHER\u00c1N, 1 mar (Xinhua) &#8212; Un importante funcionario de seguridad iran\u00ed indic\u00f3 hoy que Ir\u00e1n atacar\u00e1 Israel y bases de Estados Unidos en Medio Oriente con una fuerza \u00abque nunca antes han experimentado\u00bb. El secretario del Consejo Supremo de Seguridad Nacional de Ir\u00e1n, Ali Larijani, hizo los comentarios en una publicaci\u00f3n en la red social X luego de que Ir\u00e1n confirm\u00f3 el deceso del l\u00edder supremo del pa\u00eds, el ayatol\u00e1 Ali Khamenei, en los ataques a\u00e9reos de Estados Unidos e Israel del s\u00e1bado en Teher\u00e1n. Larijani dijo que \u00abIr\u00e1n lanz\u00f3 ayer misiles contra Estados Unidos e Israel, y realmente dolieron. Hoy los golpearemos con una fuerza que nunca antes han experimentado\u00bb. La ma\u00f1ana del s\u00e1bado, Israel y Estados Unidos lanzaron ataques conjuntos contra Teher\u00e1n, la capital de Ir\u00e1n, y varias ciudades iran\u00edes m\u00e1s. Ir\u00e1n respondi\u00f3 con ataques de misiles y drones contra Israel y bases de Estados Unidos. Fin<\/p>\n","protected":false},"excerpt":{"rendered":"<p>TEHER\u00c1N, 1 mar (Xinhua) &#8212; Un importante funcionario de seguridad iran\u00ed indic\u00f3 hoy que Ir\u00e1n&#8230;<\/p>\n","protected":false},"author":1,"featured_media":0,"comment_status":"closed","ping_status":"closed","sticky":false,"template":"","format":"standard","meta":{"footnotes":""},"categories":[2],"tags":[],"class_list":["post-17525","post","type-post","status-publish","format-standard","hentry","category-internacional"],"_links":{"self":[{"href":"https:\/\/informadorweb.com\/index.php?rest_route=\/wp\/v2\/posts\/17525","targetHints":{"allow":["GET"]}}],"collection":[{"href":"https:\/\/informadorweb.com\/index.php?rest_route=\/wp\/v2\/posts"}],"about":[{"href":"https:\/\/informadorweb.com\/index.php?rest_route=\/wp\/v2\/types\/post"}],"author":[{"embeddable":true,"href":"https:\/\/informadorweb.com\/index.php?rest_route=\/wp\/v2\/users\/1"}],"replies":[{"embeddable":true,"href":"https:\/\/informadorweb.com\/index.php?rest_route=%2Fwp%2Fv2%2Fcomments&post=17525"}],"version-history":[{"count":1,"href":"https:\/\/informadorweb.com\/index.php?rest_route=\/wp\/v2\/posts\/17525\/revisions"}],"predecessor-version":[{"id":17526,"href":"https:\/\/informadorweb.com\/index.php?rest_route=\/wp\/v2\/posts\/17525\/revisions\/17526"}],"wp:attachment":[{"href":"https:\/\/informadorweb.com\/index.php?rest_route=%2Fwp%2Fv2%2Fmedia&parent=17525"}],"wp:term":[{"taxonomy":"category","embeddable":true,"href":"https:\/\/informadorweb.com\/index.php?rest_route=%2Fwp%2Fv2%2Fcategories&post=17525"},{"taxonomy":"post_tag","embeddable":true,"href":"https:\/\/informadorweb.com\/index.php?rest_route=%2Fwp%2Fv2%2Ftags&post=17525"}],"curies":[{"name":"wp","href":"https:\/\/api.w.org\/{rel}","templated":true}]}}