{"id":17521,"date":"2026-03-02T16:10:19","date_gmt":"2026-03-02T22:10:19","guid":{"rendered":"https:\/\/informadorweb.com\/?p=17521"},"modified":"2026-03-02T22:10:22","modified_gmt":"2026-03-02T22:10:22","slug":"ampliacion-iran-formara-consejo-de-liderazgo-provisional-hasta-eleccion-de-un-nuevo-lider","status":"publish","type":"post","link":"https:\/\/informadorweb.com\/?p=17521","title":{"rendered":"Ampliaci\u00f3n: Ir\u00e1n formar\u00e1 consejo de liderazgo provisional hasta elecci\u00f3n de un nuevo l\u00edder"},"content":{"rendered":"<p>TEHER\u00c1N, 1 mar (Xinhua) &#8212; El secretario del Consejo Supremo de Seguridad Nacional de Ir\u00e1n, Ali Lariyani, afirm\u00f3 hoy domingo que el pa\u00eds formar\u00e1 m\u00e1s adelante este mismo d\u00eda un consejo interino para asumir las responsabilidades de liderazgo hasta la elecci\u00f3n de un nuevo l\u00edder. Lariyani realiz\u00f3 estas declaraciones en una entrevista con la televisi\u00f3n estatal IRIB horas despu\u00e9s de que la rep\u00fablica isl\u00e1mica confirmara la muerte de su l\u00edder supremo, Ali Jamenei, en ataques lanzados el s\u00e1bado en Teher\u00e1n por Estados Unidos e Israel. Lariyani se\u00f1al\u00f3 que, conforme al art\u00edculo 111 de la Constituci\u00f3n de Ir\u00e1n, si el pa\u00eds carece de liderazgo, el presidente, el jefe del poder judicial y un jurista del Consejo Constitucional deben asumir temporalmente las responsabilidades del l\u00edder supremo. Y a\u00f1adi\u00f3 que el consejo ser\u00e1 establecido lo antes posible. Al mismo tiempo, indic\u00f3 que toda la naci\u00f3n est\u00e1 envuelta en duelo e ira, y responder\u00e1 a las acciones israel\u00edes y estadounidenses. Lariyani advirti\u00f3 que Israel busca dividir a Ir\u00e1n para dominar toda la regi\u00f3n de Asia Occidental, y agreg\u00f3 que Washington ha ca\u00eddo en la trampa del Estado jud\u00edo. El s\u00e1bado por la ma\u00f1ana, EE. UU. e Israel lanzaron ataques conjuntos contra Teher\u00e1n y otras ciudades iran\u00edes, entre ellas Tabriz, Qom, Isfah\u00e1n, Kermanshah y Karaj. Ir\u00e1n, por su parte, respondi\u00f3 con ataques con misiles y drones dirigidos contra Israel y bases estadounidenses en toda la regi\u00f3n. Varios altos cargos iran\u00edes, entre ellos el jefe del Estado Mayor de las Fuerzas Armadas iran\u00edes, Abdolrahim Mousavi, el ministro de Defensa, Aziz Nasirzadeh, el secretario del Consejo de Defensa, Ali Shamkhani, y el comandante en jefe del Cuerpo de la Guardia Revolucionaria Isl\u00e1mica (CGRI), Mohammad Pakpour, tambi\u00e9n murieron en el ataque. Fin<\/p>\n","protected":false},"excerpt":{"rendered":"<p>TEHER\u00c1N, 1 mar (Xinhua) &#8212; El secretario del Consejo Supremo de Seguridad Nacional de Ir\u00e1n,&#8230;<\/p>\n","protected":false},"author":1,"featured_media":0,"comment_status":"closed","ping_status":"closed","sticky":false,"template":"","format":"standard","meta":{"footnotes":""},"categories":[2],"tags":[],"class_list":["post-17521","post","type-post","status-publish","format-standard","hentry","category-internacional"],"_links":{"self":[{"href":"https:\/\/informadorweb.com\/index.php?rest_route=\/wp\/v2\/posts\/17521","targetHints":{"allow":["GET"]}}],"collection":[{"href":"https:\/\/informadorweb.com\/index.php?rest_route=\/wp\/v2\/posts"}],"about":[{"href":"https:\/\/informadorweb.com\/index.php?rest_route=\/wp\/v2\/types\/post"}],"author":[{"embeddable":true,"href":"https:\/\/informadorweb.com\/index.php?rest_route=\/wp\/v2\/users\/1"}],"replies":[{"embeddable":true,"href":"https:\/\/informadorweb.com\/index.php?rest_route=%2Fwp%2Fv2%2Fcomments&post=17521"}],"version-history":[{"count":1,"href":"https:\/\/informadorweb.com\/index.php?rest_route=\/wp\/v2\/posts\/17521\/revisions"}],"predecessor-version":[{"id":17522,"href":"https:\/\/informadorweb.com\/index.php?rest_route=\/wp\/v2\/posts\/17521\/revisions\/17522"}],"wp:attachment":[{"href":"https:\/\/informadorweb.com\/index.php?rest_route=%2Fwp%2Fv2%2Fmedia&parent=17521"}],"wp:term":[{"taxonomy":"category","embeddable":true,"href":"https:\/\/informadorweb.com\/index.php?rest_route=%2Fwp%2Fv2%2Fcategories&post=17521"},{"taxonomy":"post_tag","embeddable":true,"href":"https:\/\/informadorweb.com\/index.php?rest_route=%2Fwp%2Fv2%2Ftags&post=17521"}],"curies":[{"name":"wp","href":"https:\/\/api.w.org\/{rel}","templated":true}]}}