{"id":17517,"date":"2026-03-02T16:09:32","date_gmt":"2026-03-02T22:09:32","guid":{"rendered":"https:\/\/informadorweb.com\/?p=17517"},"modified":"2026-03-02T22:09:34","modified_gmt":"2026-03-02T22:09:34","slug":"ampliacion-china-se-opone-firmemente-y-condena-energicamente-ataque-y-asesinato-del-lider-supremo-de-iran-afirma-cancilleria-china","status":"publish","type":"post","link":"https:\/\/informadorweb.com\/?p=17517","title":{"rendered":"Ampliaci\u00f3n: China se opone firmemente y condena en\u00e9rgicamente ataque y asesinato del l\u00edder supremo de Ir\u00e1n, afirma canciller\u00eda china"},"content":{"rendered":"<p>BEIJING, 1 mar (Xinhua) &#8212; China se opone firmemente y condena en\u00e9rgicamente el ataque y asesinato del l\u00edder supremo de Ir\u00e1n, afirm\u00f3 hoy domingo un portavoz del Ministerio de Relaciones Exteriores chino. El vocero hizo estas declaraciones al ser consultado sobre la muerte del l\u00edder supremo de Ir\u00e1n, el ayatol\u00e1 Ali Jamenei, en los ataques militares lanzados por Estados Unidos e Israel el s\u00e1bado en Teher\u00e1n. El ataque y asesinato del l\u00edder supremo de Ir\u00e1n es una grave violaci\u00f3n de la soberan\u00eda y la seguridad de Ir\u00e1n, asegur\u00f3 el portavoz, y a\u00f1adi\u00f3 que esto pisotea los prop\u00f3sitos y principios de la Carta de las Naciones Unidas y las normas b\u00e1sicas en las relaciones internacionales. China insta a un cese inmediato de las operaciones militares, a que no se agrave a\u00fan m\u00e1s la tensa situaci\u00f3n y a que se realice un esfuerzo conjunto para mantener la paz y la estabilidad en Medio Oriente y el mundo en general, agreg\u00f3 el portavoz. Fin<\/p>\n","protected":false},"excerpt":{"rendered":"<p>BEIJING, 1 mar (Xinhua) &#8212; China se opone firmemente y condena en\u00e9rgicamente el ataque y&#8230;<\/p>\n","protected":false},"author":1,"featured_media":0,"comment_status":"closed","ping_status":"closed","sticky":false,"template":"","format":"standard","meta":{"footnotes":""},"categories":[2],"tags":[],"class_list":["post-17517","post","type-post","status-publish","format-standard","hentry","category-internacional"],"_links":{"self":[{"href":"https:\/\/informadorweb.com\/index.php?rest_route=\/wp\/v2\/posts\/17517","targetHints":{"allow":["GET"]}}],"collection":[{"href":"https:\/\/informadorweb.com\/index.php?rest_route=\/wp\/v2\/posts"}],"about":[{"href":"https:\/\/informadorweb.com\/index.php?rest_route=\/wp\/v2\/types\/post"}],"author":[{"embeddable":true,"href":"https:\/\/informadorweb.com\/index.php?rest_route=\/wp\/v2\/users\/1"}],"replies":[{"embeddable":true,"href":"https:\/\/informadorweb.com\/index.php?rest_route=%2Fwp%2Fv2%2Fcomments&post=17517"}],"version-history":[{"count":1,"href":"https:\/\/informadorweb.com\/index.php?rest_route=\/wp\/v2\/posts\/17517\/revisions"}],"predecessor-version":[{"id":17518,"href":"https:\/\/informadorweb.com\/index.php?rest_route=\/wp\/v2\/posts\/17517\/revisions\/17518"}],"wp:attachment":[{"href":"https:\/\/informadorweb.com\/index.php?rest_route=%2Fwp%2Fv2%2Fmedia&parent=17517"}],"wp:term":[{"taxonomy":"category","embeddable":true,"href":"https:\/\/informadorweb.com\/index.php?rest_route=%2Fwp%2Fv2%2Fcategories&post=17517"},{"taxonomy":"post_tag","embeddable":true,"href":"https:\/\/informadorweb.com\/index.php?rest_route=%2Fwp%2Fv2%2Ftags&post=17517"}],"curies":[{"name":"wp","href":"https:\/\/api.w.org\/{rel}","templated":true}]}}