{"id":17515,"date":"2026-03-02T16:09:10","date_gmt":"2026-03-02T22:09:10","guid":{"rendered":"https:\/\/informadorweb.com\/?p=17515"},"modified":"2026-03-02T22:09:12","modified_gmt":"2026-03-02T22:09:12","slug":"ampliacion-iran-confirma-muerte-de-su-lider-supremo-en-ataques-de-ee-uu-e-israel","status":"publish","type":"post","link":"https:\/\/informadorweb.com\/?p=17515","title":{"rendered":"Ampliaci\u00f3n: Ir\u00e1n confirma muerte de su l\u00edder supremo en ataques de EE. UU. e Israel"},"content":{"rendered":"<div class=\"el-scrollbar__wrap\">\n<div class=\"el-scrollbar__view\">\n<div class=\"news-content\" data-v-e79c3ee4=\"\">TEHER\u00c1N, 1 mar (Xinhua) &#8212; Ir\u00e1n confirm\u00f3 la madrugada de hoy domingo que su l\u00edder supremo, el ayatol\u00e1 Ali Jamenei, muri\u00f3 en los ataques a\u00e9reos de Estados Unidos e Israel contra Teher\u00e1n el d\u00eda anterior. \u00abEl l\u00edder de Ir\u00e1n alcanz\u00f3 el martirio mientras cumpl\u00eda con su deber en su oficina\u00bb, inform\u00f3 la agencia Nour News, afiliada al Consejo Supremo de Seguridad Nacional del pa\u00eds. La informaci\u00f3n se\u00f1ala que el ataque tambi\u00e9n caus\u00f3 la muerte de la hija de Jamenei, su yerno, un nieto y una de sus nueras. En respuesta a la p\u00e9rdida, el Gobierno iran\u00ed emiti\u00f3 un comunicado declarando 40 d\u00edas de luto nacional, inform\u00f3 la agencia oficial de noticias IRNA. En el comunicado se indic\u00f3 que el l\u00edder supremo iran\u00ed muri\u00f3 tras un \u00abataque brutal del criminal Gobierno estadounidense y el siniestro r\u00e9gimen israel\u00ed\u00bb, y se elogi\u00f3 a Jamenei por haber dirigido el pa\u00eds \u00absagazmente\u00bb durante m\u00e1s de 37 a\u00f1os. El Gobierno iran\u00ed prometi\u00f3 que los responsables del \u00abgran crimen\u00bb rendir\u00edan cuentas y que Ir\u00e1n se asegurar\u00e1 de que los culpables \u00ablamenten sus acciones\u00bb. El asistente del l\u00edder supremo, Mohammad Mokhber, anunci\u00f3 que, conforme al art\u00edculo 111 de la Constituci\u00f3n de Ir\u00e1n, las funciones de liderazgo ser\u00e1n asumidas temporalmente por el presidente iran\u00ed, el jefe del poder judicial y un jurista del Consejo Constitucional, inform\u00f3 la agencia semioficial Tasnim. El Cuerpo de la Guardia Revolucionaria Isl\u00e1mica (CGRI) de Ir\u00e1n, en un comunicado publicado en su portal oficial, Sepah News, ofreci\u00f3 sus condolencias y prometi\u00f3 que la naci\u00f3n iran\u00ed impondr\u00eda un castigo \u00abduro, decisivo y que haga lamentar\u00bb sus acciones a los \u00abasesinos\u00bb. Denunci\u00f3 el ataque de EE. UU. e Israel como un acto \u00abcriminal y terrorista\u00bb que viol\u00f3 las normas internacionales. Tras el anuncio de la muerte de Jamenei, dolientes iran\u00edes salieron a las calles en diversas ciudades este domingo, expresando su ira y pidiendo represalias. Nacido en 1939, Jamenei se convirti\u00f3 en l\u00edder supremo de Ir\u00e1n en 1989 tras el fallecimiento del fundador de la rep\u00fablica isl\u00e1mica, el ayatol\u00e1 Ruhollah Jomeini. El s\u00e1bado por la ma\u00f1ana, EE. UU. e Israel lanzaron \u00aboperaciones de combate de gran envergadura\u00bb contra Ir\u00e1n. En represalia, Teher\u00e1n llev\u00f3 a cabo ataques con misiles y drones dirigidos contra instalaciones militares estadounidenses e israel\u00edes en Medio Oriente. Fin<\/div>\n<\/div>\n<\/div>\n<div class=\"el-scrollbar__bar is-horizontal\"><\/div>\n","protected":false},"excerpt":{"rendered":"<p>TEHER\u00c1N, 1 mar (Xinhua) &#8212; Ir\u00e1n confirm\u00f3 la madrugada de hoy domingo que su l\u00edder&#8230;<\/p>\n","protected":false},"author":1,"featured_media":0,"comment_status":"closed","ping_status":"closed","sticky":false,"template":"","format":"standard","meta":{"footnotes":""},"categories":[2],"tags":[],"class_list":["post-17515","post","type-post","status-publish","format-standard","hentry","category-internacional"],"_links":{"self":[{"href":"https:\/\/informadorweb.com\/index.php?rest_route=\/wp\/v2\/posts\/17515","targetHints":{"allow":["GET"]}}],"collection":[{"href":"https:\/\/informadorweb.com\/index.php?rest_route=\/wp\/v2\/posts"}],"about":[{"href":"https:\/\/informadorweb.com\/index.php?rest_route=\/wp\/v2\/types\/post"}],"author":[{"embeddable":true,"href":"https:\/\/informadorweb.com\/index.php?rest_route=\/wp\/v2\/users\/1"}],"replies":[{"embeddable":true,"href":"https:\/\/informadorweb.com\/index.php?rest_route=%2Fwp%2Fv2%2Fcomments&post=17515"}],"version-history":[{"count":1,"href":"https:\/\/informadorweb.com\/index.php?rest_route=\/wp\/v2\/posts\/17515\/revisions"}],"predecessor-version":[{"id":17516,"href":"https:\/\/informadorweb.com\/index.php?rest_route=\/wp\/v2\/posts\/17515\/revisions\/17516"}],"wp:attachment":[{"href":"https:\/\/informadorweb.com\/index.php?rest_route=%2Fwp%2Fv2%2Fmedia&parent=17515"}],"wp:term":[{"taxonomy":"category","embeddable":true,"href":"https:\/\/informadorweb.com\/index.php?rest_route=%2Fwp%2Fv2%2Fcategories&post=17515"},{"taxonomy":"post_tag","embeddable":true,"href":"https:\/\/informadorweb.com\/index.php?rest_route=%2Fwp%2Fv2%2Ftags&post=17515"}],"curies":[{"name":"wp","href":"https:\/\/api.w.org\/{rel}","templated":true}]}}