{"id":17501,"date":"2026-03-02T16:04:23","date_gmt":"2026-03-02T22:04:23","guid":{"rendered":"https:\/\/informadorweb.com\/?p=17501"},"modified":"2026-03-02T22:04:51","modified_gmt":"2026-03-02T22:04:51","slug":"urgente-nombran-a-alireza-arafi-como-parte-del-consejo-de-liderazgo-de-iran-segun-agencia-isna","status":"publish","type":"post","link":"https:\/\/informadorweb.com\/?p=17501","title":{"rendered":"Urgente: Nombran a Alireza Arafi como parte del Consejo de Liderazgo de Ir\u00e1n, seg\u00fan agencia ISNA"},"content":{"rendered":"<p>EL CAIRO, 1 mar (Xinhua) &#8212; Alireza Arafi fue nombrado hoy domingo para integrar el Consejo de Liderazgo de Ir\u00e1n, un \u00f3rgano que gestionar\u00e1 las funciones del l\u00edder supremo del pa\u00eds hasta que se elija uno nuevo, inform\u00f3 la agencia de noticias ISNA. Fin<\/p>\n","protected":false},"excerpt":{"rendered":"<p>EL CAIRO, 1 mar (Xinhua) &#8212; Alireza Arafi fue nombrado hoy domingo para integrar el&#8230;<\/p>\n","protected":false},"author":1,"featured_media":0,"comment_status":"closed","ping_status":"closed","sticky":false,"template":"","format":"standard","meta":{"footnotes":""},"categories":[2],"tags":[],"class_list":["post-17501","post","type-post","status-publish","format-standard","hentry","category-internacional"],"_links":{"self":[{"href":"https:\/\/informadorweb.com\/index.php?rest_route=\/wp\/v2\/posts\/17501","targetHints":{"allow":["GET"]}}],"collection":[{"href":"https:\/\/informadorweb.com\/index.php?rest_route=\/wp\/v2\/posts"}],"about":[{"href":"https:\/\/informadorweb.com\/index.php?rest_route=\/wp\/v2\/types\/post"}],"author":[{"embeddable":true,"href":"https:\/\/informadorweb.com\/index.php?rest_route=\/wp\/v2\/users\/1"}],"replies":[{"embeddable":true,"href":"https:\/\/informadorweb.com\/index.php?rest_route=%2Fwp%2Fv2%2Fcomments&post=17501"}],"version-history":[{"count":1,"href":"https:\/\/informadorweb.com\/index.php?rest_route=\/wp\/v2\/posts\/17501\/revisions"}],"predecessor-version":[{"id":17502,"href":"https:\/\/informadorweb.com\/index.php?rest_route=\/wp\/v2\/posts\/17501\/revisions\/17502"}],"wp:attachment":[{"href":"https:\/\/informadorweb.com\/index.php?rest_route=%2Fwp%2Fv2%2Fmedia&parent=17501"}],"wp:term":[{"taxonomy":"category","embeddable":true,"href":"https:\/\/informadorweb.com\/index.php?rest_route=%2Fwp%2Fv2%2Fcategories&post=17501"},{"taxonomy":"post_tag","embeddable":true,"href":"https:\/\/informadorweb.com\/index.php?rest_route=%2Fwp%2Fv2%2Ftags&post=17501"}],"curies":[{"name":"wp","href":"https:\/\/api.w.org\/{rel}","templated":true}]}}