{"id":17387,"date":"2026-03-02T15:02:42","date_gmt":"2026-03-02T21:02:42","guid":{"rendered":"https:\/\/informadorweb.com\/?p=17387"},"modified":"2026-03-02T21:02:45","modified_gmt":"2026-03-02T21:02:45","slug":"flash-portavoz-de-cancilleria-irani-sostiene-que-el-lider-supremo-y-el-presidente-de-iran-encuentran-sanos-y-salvos-reportan-medios","status":"publish","type":"post","link":"https:\/\/informadorweb.com\/?p=17387","title":{"rendered":"Flash: Portavoz de canciller\u00eda iran\u00ed sostiene que el L\u00edder Supremo y el presidente de Ir\u00e1n encuentran \u00absanos y salvos\u00bb, reportan medios"},"content":{"rendered":"","protected":false},"excerpt":{"rendered":"","protected":false},"author":1,"featured_media":0,"comment_status":"closed","ping_status":"closed","sticky":false,"template":"","format":"standard","meta":{"footnotes":""},"categories":[2],"tags":[],"class_list":["post-17387","post","type-post","status-publish","format-standard","hentry","category-internacional"],"_links":{"self":[{"href":"https:\/\/informadorweb.com\/index.php?rest_route=\/wp\/v2\/posts\/17387","targetHints":{"allow":["GET"]}}],"collection":[{"href":"https:\/\/informadorweb.com\/index.php?rest_route=\/wp\/v2\/posts"}],"about":[{"href":"https:\/\/informadorweb.com\/index.php?rest_route=\/wp\/v2\/types\/post"}],"author":[{"embeddable":true,"href":"https:\/\/informadorweb.com\/index.php?rest_route=\/wp\/v2\/users\/1"}],"replies":[{"embeddable":true,"href":"https:\/\/informadorweb.com\/index.php?rest_route=%2Fwp%2Fv2%2Fcomments&post=17387"}],"version-history":[{"count":1,"href":"https:\/\/informadorweb.com\/index.php?rest_route=\/wp\/v2\/posts\/17387\/revisions"}],"predecessor-version":[{"id":17388,"href":"https:\/\/informadorweb.com\/index.php?rest_route=\/wp\/v2\/posts\/17387\/revisions\/17388"}],"wp:attachment":[{"href":"https:\/\/informadorweb.com\/index.php?rest_route=%2Fwp%2Fv2%2Fmedia&parent=17387"}],"wp:term":[{"taxonomy":"category","embeddable":true,"href":"https:\/\/informadorweb.com\/index.php?rest_route=%2Fwp%2Fv2%2Fcategories&post=17387"},{"taxonomy":"post_tag","embeddable":true,"href":"https:\/\/informadorweb.com\/index.php?rest_route=%2Fwp%2Fv2%2Ftags&post=17387"}],"curies":[{"name":"wp","href":"https:\/\/api.w.org\/{rel}","templated":true}]}}