{"id":17383,"date":"2026-03-02T14:42:58","date_gmt":"2026-03-02T20:42:58","guid":{"rendered":"https:\/\/informadorweb.com\/?p=17383"},"modified":"2026-03-02T20:43:05","modified_gmt":"2026-03-02T20:43:05","slug":"inicia-en-guadalajara-gira-de-exhibicion-por-mexico-de-trofeo-de-copa-mundial-fifa","status":"publish","type":"post","link":"https:\/\/informadorweb.com\/?p=17383","title":{"rendered":"Inicia en Guadalajara gira de exhibici\u00f3n por M\u00e9xico de trofeo de Copa Mundial FIFA"},"content":{"rendered":"<div class=\"el-scrollbar__wrap\">\n<div class=\"el-scrollbar__view\">\n<div class=\"news-content\" data-v-e79c3ee4=\"\">GUADALAJARA, M\u00e9xico, 28 feb (Xinhua) &#8212; La sexta edici\u00f3n del Tour del Trofeo de la Copa Mundial de la Federaci\u00f3n Internacional de F\u00fatbol Asociaci\u00f3n (FIFA) inici\u00f3 hoy s\u00e1bado su recorrido por territorio mexicano en la ciudad de Guadalajara, con la finalidad de acercar a los aficionados al galard\u00f3n m\u00e1s codiciado del balompi\u00e9 en la antesala del Mundial 2026 que acoger\u00e1n de manera conjunta M\u00e9xico, Estados Unidos y Canad\u00e1. La capital del estado de Jalisco (oeste) es la primera parada del recorrido en M\u00e9xico, donde el trofeo ser\u00e1 exhibido como parte de una gira internacional que celebra tanto el deporte como el poder del f\u00fatbol para conectar culturas, generaciones y territorios. Durante la ceremonia inaugural, el gobernador de Jalisco, Pablo Lemus, afirm\u00f3 que la entidad trabaja para consolidarse como protagonista de la justa mundialista. \u00abJalisco est\u00e1 de pie y trabajando, y consolid\u00e1ndose como la sede m\u00e1s mexicana del mundial. Aqu\u00ed se va a vivir una gran fiesta deportiva y ciudadana; vamos a tener extraordinarios eventos durante los pr\u00f3ximos d\u00edas\u00bb, se\u00f1al\u00f3. Por su parte, la secretaria de Gobernaci\u00f3n (ministra del Interior) de M\u00e9xico, Rosa Icela Rodr\u00edguez, destac\u00f3 el significado hist\u00f3rico de que el pa\u00eds sea anfitri\u00f3n por tercera ocasi\u00f3n de la justa mundialista. \u00abSer anfitri\u00f3n por tercera vez de un Mundial de f\u00fatbol es la oportunidad de demostrar al mundo que somos una naci\u00f3n capaz de crecer a trav\u00e9s del deporte y que podemos convertir la competencia en una fiesta de fraternidad\u00bb, expres\u00f3. Rodr\u00edguez subray\u00f3 que el Mundial 2026 representa tambi\u00e9n un puente entre naciones. \u00abEn estos tiempos, la celebraci\u00f3n de la Copa Mundial de la FIFA 2026 simboliza tambi\u00e9n un v\u00ednculo entre las naciones\u00bb, dijo, al referirse a la iniciativa gubernamental mexicana del \u00abMundial Social\u00bb, que llevar\u00e1 actividades futbol\u00edsticas a barrios, escuelas y espacios p\u00fablicos. Destac\u00f3 el impacto tur\u00edstico y cultural que se prev\u00e9 para M\u00e9xico. \u00abLas mexicanas y mexicanos estamos muy emocionados, listos para recibir por lo menos a 5,5 millones de visitantes que ser\u00e1n tratados con la hospitalidad y calidez que nos caracteriza\u00bb, afirm\u00f3. En el acto de inauguraci\u00f3n de la gira en Guadalajara participaron tambi\u00e9n leyendas del f\u00fatbol como Roque J\u00fanior, campe\u00f3n mundial con Brasil en 2002, y Hugo S\u00e1nchez, referente del f\u00fatbol mexicano. M\u00e9xico ser\u00e1 sede de 13 partidos del Mundial 2026, que se disputar\u00e1 del 11 de junio al 19 de julio en Am\u00e9rica del Norte. Fin<\/div>\n<\/div>\n<\/div>\n<div class=\"el-scrollbar__bar is-horizontal\"><\/div>\n","protected":false},"excerpt":{"rendered":"<p>GUADALAJARA, M\u00e9xico, 28 feb (Xinhua) &#8212; La sexta edici\u00f3n del Tour del Trofeo de la&#8230;<\/p>\n","protected":false},"author":1,"featured_media":0,"comment_status":"closed","ping_status":"closed","sticky":false,"template":"","format":"standard","meta":{"footnotes":""},"categories":[2],"tags":[],"class_list":["post-17383","post","type-post","status-publish","format-standard","hentry","category-internacional"],"_links":{"self":[{"href":"https:\/\/informadorweb.com\/index.php?rest_route=\/wp\/v2\/posts\/17383","targetHints":{"allow":["GET"]}}],"collection":[{"href":"https:\/\/informadorweb.com\/index.php?rest_route=\/wp\/v2\/posts"}],"about":[{"href":"https:\/\/informadorweb.com\/index.php?rest_route=\/wp\/v2\/types\/post"}],"author":[{"embeddable":true,"href":"https:\/\/informadorweb.com\/index.php?rest_route=\/wp\/v2\/users\/1"}],"replies":[{"embeddable":true,"href":"https:\/\/informadorweb.com\/index.php?rest_route=%2Fwp%2Fv2%2Fcomments&post=17383"}],"version-history":[{"count":1,"href":"https:\/\/informadorweb.com\/index.php?rest_route=\/wp\/v2\/posts\/17383\/revisions"}],"predecessor-version":[{"id":17384,"href":"https:\/\/informadorweb.com\/index.php?rest_route=\/wp\/v2\/posts\/17383\/revisions\/17384"}],"wp:attachment":[{"href":"https:\/\/informadorweb.com\/index.php?rest_route=%2Fwp%2Fv2%2Fmedia&parent=17383"}],"wp:term":[{"taxonomy":"category","embeddable":true,"href":"https:\/\/informadorweb.com\/index.php?rest_route=%2Fwp%2Fv2%2Fcategories&post=17383"},{"taxonomy":"post_tag","embeddable":true,"href":"https:\/\/informadorweb.com\/index.php?rest_route=%2Fwp%2Fv2%2Ftags&post=17383"}],"curies":[{"name":"wp","href":"https:\/\/api.w.org\/{rel}","templated":true}]}}