{"id":17363,"date":"2026-03-02T14:35:27","date_gmt":"2026-03-02T20:35:27","guid":{"rendered":"https:\/\/informadorweb.com\/?p=17363"},"modified":"2026-03-02T20:35:33","modified_gmt":"2026-03-02T20:35:33","slug":"sube-a-22-el-numero-de-muertos-por-accidente-aereo-en-bolivia","status":"publish","type":"post","link":"https:\/\/informadorweb.com\/?p=17363","title":{"rendered":"Sube a 22 el n\u00famero de muertos por accidente a\u00e9reo en Bolivia"},"content":{"rendered":"<p>LA PAZ, 28 feb (Xinhua) &#8212; El n\u00famero de muertos por el accidente a\u00e9reo ocurrido el viernes en la ciudad boliviana de El Alto (oeste) se elev\u00f3 a 22, entre ellos cuatro ni\u00f1os, inform\u00f3 este s\u00e1bado la ministra de Salud, Marcela Flores. En declaraciones a la prensa local, la funcionaria explic\u00f3 que, aunque el viernes se hab\u00edan reportado preliminarmente 15 decesos, la nueva cifra se alcanz\u00f3 tras el levantamiento de m\u00e1s cuerpos y del trabajo coordinado entre el Instituto de Investigaciones Forenses, la Polic\u00eda y los servicios de emergencia. Detall\u00f3 que tambi\u00e9n se reportaron 37 personas heridas, varias de ellas con lesiones de consideraci\u00f3n, las cuales ya fueron trasladados a distintos centros m\u00e9dicos p\u00fablicos y privados de El Alto y La Paz. \u00abEl sistema de salud activ\u00f3 todos sus protocolos de emergencia para garantizar atenci\u00f3n inmediata y especializada\u00bb, asegur\u00f3. Asimismo, Flores pidi\u00f3 la colaboraci\u00f3n de la poblaci\u00f3n para ubicar a los familiares de un ni\u00f1o que sufri\u00f3 una amputaci\u00f3n traum\u00e1tica de ambos miembros inferiores y permanece en terapia intensiva. El accidente ocurri\u00f3 la noche del viernes, cuando un avi\u00f3n militar H\u00e9rcules C-130 de la Fuerza A\u00e9rea Boliviana sali\u00f3 de la pista del Aeropuerto Internacional de El Alto tras aterrizar e impact\u00f3 contra v\u00edas p\u00fablicas, dejando decenas de heridos y una veintena de veh\u00edculos destruidos, incluyendo de transporte p\u00fablico. La aeronave proced\u00eda de Santa Cruz (este) y transportaba remesas con sumas millonarias de dinero del Banco Central de Bolivia destinadas a la reposici\u00f3n de billetes en circulaci\u00f3n. Im\u00e1genes difundidas en los medios y redes sociales mostraron el avi\u00f3n completamente destrozado, con cajas abiertas y billetes esparcidos alrededor del lugar del impacto, mientras que transe\u00fantes recog\u00edan el dinero, lo que deriv\u00f3 en la detenci\u00f3n de varias personas por presunto intento de sustracci\u00f3n. Fin<\/p>\n","protected":false},"excerpt":{"rendered":"<p>LA PAZ, 28 feb (Xinhua) &#8212; El n\u00famero de muertos por el accidente a\u00e9reo ocurrido&#8230;<\/p>\n","protected":false},"author":1,"featured_media":0,"comment_status":"closed","ping_status":"closed","sticky":false,"template":"","format":"standard","meta":{"footnotes":""},"categories":[2],"tags":[],"class_list":["post-17363","post","type-post","status-publish","format-standard","hentry","category-internacional"],"_links":{"self":[{"href":"https:\/\/informadorweb.com\/index.php?rest_route=\/wp\/v2\/posts\/17363","targetHints":{"allow":["GET"]}}],"collection":[{"href":"https:\/\/informadorweb.com\/index.php?rest_route=\/wp\/v2\/posts"}],"about":[{"href":"https:\/\/informadorweb.com\/index.php?rest_route=\/wp\/v2\/types\/post"}],"author":[{"embeddable":true,"href":"https:\/\/informadorweb.com\/index.php?rest_route=\/wp\/v2\/users\/1"}],"replies":[{"embeddable":true,"href":"https:\/\/informadorweb.com\/index.php?rest_route=%2Fwp%2Fv2%2Fcomments&post=17363"}],"version-history":[{"count":1,"href":"https:\/\/informadorweb.com\/index.php?rest_route=\/wp\/v2\/posts\/17363\/revisions"}],"predecessor-version":[{"id":17364,"href":"https:\/\/informadorweb.com\/index.php?rest_route=\/wp\/v2\/posts\/17363\/revisions\/17364"}],"wp:attachment":[{"href":"https:\/\/informadorweb.com\/index.php?rest_route=%2Fwp%2Fv2%2Fmedia&parent=17363"}],"wp:term":[{"taxonomy":"category","embeddable":true,"href":"https:\/\/informadorweb.com\/index.php?rest_route=%2Fwp%2Fv2%2Fcategories&post=17363"},{"taxonomy":"post_tag","embeddable":true,"href":"https:\/\/informadorweb.com\/index.php?rest_route=%2Fwp%2Fv2%2Ftags&post=17363"}],"curies":[{"name":"wp","href":"https:\/\/api.w.org\/{rel}","templated":true}]}}