{"id":17349,"date":"2026-03-02T14:25:29","date_gmt":"2026-03-02T20:25:29","guid":{"rendered":"https:\/\/informadorweb.com\/?p=17349"},"modified":"2026-03-02T20:25:33","modified_gmt":"2026-03-02T20:25:33","slug":"iran-seguira-ejerciendo-derecho-a-la-autodefensa-hasta-que-agresion-cese-por-completo-dice-canciller-irani","status":"publish","type":"post","link":"https:\/\/informadorweb.com\/?p=17349","title":{"rendered":"Ir\u00e1n seguir\u00e1 ejerciendo derecho a la autodefensa hasta que \u00abagresi\u00f3n\u00bb cese por completo, dice canciller iran\u00ed"},"content":{"rendered":"<p>TEHER\u00c1N, 28 feb (Xinhua) &#8212; El ministro de Relaciones Exteriores de Ir\u00e1n, Seyed Abbas Araghchi, dijo hoy s\u00e1bado que su pa\u00eds seguir\u00e1 ejerciendo su leg\u00edtimo derecho a la autodefensa hasta que cese la \u00abagresi\u00f3n\u00bb en su contra por parte de Estados Unidos e Israel. El canciller hizo la declaraci\u00f3n en una carta dirigida al secretario general de Naciones Unidas, Ant\u00f3nio Guterres y al Consejo de Seguridad despu\u00e9s de los ataques por parte de Israel y Estados Unidos, inform\u00f3 la oficial agencia de noticias iran\u00ed IRNA. \u00abIr\u00e1n seguir\u00e1 ejerciendo de manera decidida e inmediata su leg\u00edtimo derecho a la autodefensa hasta que la agresi\u00f3n estadounidense e israel\u00ed contra el pa\u00eds cese por completo y de manera incondicional\u00bb, dijo Araghchi. Tambi\u00e9n dijo que los ataques a\u00e9reos de Estados Unidos e Israel constituyen \u00abuna flagrante violaci\u00f3n de la Carta de las Naciones Unidas y claros ejemplos de agresi\u00f3n armada en contra de Ir\u00e1n\u00bb. Araghchi hizo \u00e9nfasis en que las Fuerzas Armadas de Ir\u00e1n usar\u00e1n todas las capacidades e instalaciones de defensa necesarias para enfrentar esta \u00abagresi\u00f3n criminal\u00bb y mantener la disuasi\u00f3n contra las acciones hostiles. \u00abEn consecuencia, todas las bases, instalaciones y activos de las fuerzas hostiles en la regi\u00f3n ser\u00e1n considerados objetivos militares leg\u00edtimos en el marco del ejercicio de Ir\u00e1n de su derecho a la autodefensa\u00bb, dijo. Hoy por la ma\u00f1ana, Israel y Estados Unidos lanzaron ataques conjuntos contra Teher\u00e1n y varias ciudades iran\u00edes m\u00e1s, incluyendo Tabriz, Qom, Isfah\u00e1n, Kermanshah y Karaj. Ir\u00e1n respondi\u00f3 con ataques con misiles y drones contra Israel y bases de Estados Unidos en la regi\u00f3n. Fin<\/p>\n","protected":false},"excerpt":{"rendered":"<p>TEHER\u00c1N, 28 feb (Xinhua) &#8212; El ministro de Relaciones Exteriores de Ir\u00e1n, Seyed Abbas Araghchi,&#8230;<\/p>\n","protected":false},"author":1,"featured_media":0,"comment_status":"closed","ping_status":"closed","sticky":false,"template":"","format":"standard","meta":{"footnotes":""},"categories":[2],"tags":[],"class_list":["post-17349","post","type-post","status-publish","format-standard","hentry","category-internacional"],"_links":{"self":[{"href":"https:\/\/informadorweb.com\/index.php?rest_route=\/wp\/v2\/posts\/17349","targetHints":{"allow":["GET"]}}],"collection":[{"href":"https:\/\/informadorweb.com\/index.php?rest_route=\/wp\/v2\/posts"}],"about":[{"href":"https:\/\/informadorweb.com\/index.php?rest_route=\/wp\/v2\/types\/post"}],"author":[{"embeddable":true,"href":"https:\/\/informadorweb.com\/index.php?rest_route=\/wp\/v2\/users\/1"}],"replies":[{"embeddable":true,"href":"https:\/\/informadorweb.com\/index.php?rest_route=%2Fwp%2Fv2%2Fcomments&post=17349"}],"version-history":[{"count":1,"href":"https:\/\/informadorweb.com\/index.php?rest_route=\/wp\/v2\/posts\/17349\/revisions"}],"predecessor-version":[{"id":17350,"href":"https:\/\/informadorweb.com\/index.php?rest_route=\/wp\/v2\/posts\/17349\/revisions\/17350"}],"wp:attachment":[{"href":"https:\/\/informadorweb.com\/index.php?rest_route=%2Fwp%2Fv2%2Fmedia&parent=17349"}],"wp:term":[{"taxonomy":"category","embeddable":true,"href":"https:\/\/informadorweb.com\/index.php?rest_route=%2Fwp%2Fv2%2Fcategories&post=17349"},{"taxonomy":"post_tag","embeddable":true,"href":"https:\/\/informadorweb.com\/index.php?rest_route=%2Fwp%2Fv2%2Ftags&post=17349"}],"curies":[{"name":"wp","href":"https:\/\/api.w.org\/{rel}","templated":true}]}}