{"id":17345,"date":"2026-03-02T14:23:57","date_gmt":"2026-03-02T20:23:57","guid":{"rendered":"https:\/\/informadorweb.com\/?p=17345"},"modified":"2026-03-02T20:24:03","modified_gmt":"2026-03-02T20:24:03","slug":"chile-expresa-preocupacion-por-escalada-militar-en-medio-oriente","status":"publish","type":"post","link":"https:\/\/informadorweb.com\/?p=17345","title":{"rendered":"Chile expresa preocupaci\u00f3n por escalada militar en Medio Oriente"},"content":{"rendered":"<p>SANTIAGO, 28 feb (Xinhua) &#8212; El Gobierno de Chile expres\u00f3 hoy s\u00e1bado su preocupaci\u00f3n por la escalada militar en Medio Oriente y conden\u00f3 los ataques contra Ir\u00e1n por parte de Estados Unidos e Israel. La canciller\u00eda rechaz\u00f3 tambi\u00e9n en un comunicado la respuesta del r\u00e9gimen iran\u00ed contra Israel y pa\u00edses del Golfo. \u00abEstas acciones, en un contexto regional altamente tensionado, pueden tener consecuencias para la estabilidad de la regi\u00f3n y la seguridad internacional\u00bb, indic\u00f3 el Ministerio de Relaciones Exteriores. \u00abChile hace un llamado a detener la violencia, asegurar la protecci\u00f3n de la poblaci\u00f3n civil y reitera su firme compromiso con la no proliferaci\u00f3n nuclear\u00bb, a\u00f1adi\u00f3. A su vez, el pa\u00eds sudamericano reafirm\u00f3 su adhesi\u00f3n a los principios y prop\u00f3sitos consagrados en la Carta de las Naciones Unidas y al derecho internacional humanitario. \u00abEn particular, el respeto a la soberan\u00eda e integridad territorial de los Estados, la prohibici\u00f3n del uso o la amenaza del uso de la fuerza, la obligaci\u00f3n de resolver las controversias internacionales por medios pac\u00edficos y la protecci\u00f3n de la poblaci\u00f3n civil\u00bb, manifest\u00f3 en el mensaje. Finalmente, el Gobierno de Chile inform\u00f3 que est\u00e1 en contacto con las embajadas y consulados chilenos en la regi\u00f3n para asegurar la situaci\u00f3n de sus funcionarios, sus familias, as\u00ed como de los connacionales que se encuentran en la zona. Durante la madrugada de este s\u00e1bado, Estados Unidos e Israel lanzaron \u00aboperaciones de combate importantes\u00bb contra Ir\u00e1n, que respondi\u00f3 con una serie de contraataques contra objetivos israel\u00edes y estadounidenses en toda la regi\u00f3n, con explosiones reportadas en Bahr\u00e9in, Qatar, Kuwait, Jordania, Emiratos \u00c1rabes Unidos y Arabia Saud\u00ed, entre otros pa\u00edses. Fin<\/p>\n","protected":false},"excerpt":{"rendered":"<p>SANTIAGO, 28 feb (Xinhua) &#8212; El Gobierno de Chile expres\u00f3 hoy s\u00e1bado su preocupaci\u00f3n por&#8230;<\/p>\n","protected":false},"author":1,"featured_media":0,"comment_status":"closed","ping_status":"closed","sticky":false,"template":"","format":"standard","meta":{"footnotes":""},"categories":[2],"tags":[],"class_list":["post-17345","post","type-post","status-publish","format-standard","hentry","category-internacional"],"_links":{"self":[{"href":"https:\/\/informadorweb.com\/index.php?rest_route=\/wp\/v2\/posts\/17345","targetHints":{"allow":["GET"]}}],"collection":[{"href":"https:\/\/informadorweb.com\/index.php?rest_route=\/wp\/v2\/posts"}],"about":[{"href":"https:\/\/informadorweb.com\/index.php?rest_route=\/wp\/v2\/types\/post"}],"author":[{"embeddable":true,"href":"https:\/\/informadorweb.com\/index.php?rest_route=\/wp\/v2\/users\/1"}],"replies":[{"embeddable":true,"href":"https:\/\/informadorweb.com\/index.php?rest_route=%2Fwp%2Fv2%2Fcomments&post=17345"}],"version-history":[{"count":1,"href":"https:\/\/informadorweb.com\/index.php?rest_route=\/wp\/v2\/posts\/17345\/revisions"}],"predecessor-version":[{"id":17346,"href":"https:\/\/informadorweb.com\/index.php?rest_route=\/wp\/v2\/posts\/17345\/revisions\/17346"}],"wp:attachment":[{"href":"https:\/\/informadorweb.com\/index.php?rest_route=%2Fwp%2Fv2%2Fmedia&parent=17345"}],"wp:term":[{"taxonomy":"category","embeddable":true,"href":"https:\/\/informadorweb.com\/index.php?rest_route=%2Fwp%2Fv2%2Fcategories&post=17345"},{"taxonomy":"post_tag","embeddable":true,"href":"https:\/\/informadorweb.com\/index.php?rest_route=%2Fwp%2Fv2%2Ftags&post=17345"}],"curies":[{"name":"wp","href":"https:\/\/api.w.org\/{rel}","templated":true}]}}