{"id":17335,"date":"2026-03-02T13:58:53","date_gmt":"2026-03-02T19:58:53","guid":{"rendered":"https:\/\/informadorweb.com\/?p=17335"},"modified":"2026-03-02T19:58:54","modified_gmt":"2026-03-02T19:58:54","slug":"petro-critica-ataque-conjunto-contra-iran-y-pide-intervencion-de-onu","status":"publish","type":"post","link":"https:\/\/informadorweb.com\/?p=17335","title":{"rendered":"Petro critica ataque conjunto contra Ir\u00e1n y pide intervenci\u00f3n de ONU"},"content":{"rendered":"<p>BOGOT\u00c1, 28 feb (Xinhua) &#8212; El presidente de Colombia, Gustavo Petro, cuestion\u00f3 este s\u00e1bado a su hom\u00f3logo estadounidense, Donald Trump, por el ataque conjunto entre Estados Unidos e Israel contra Ir\u00e1n realizado durante la madrugada. \u00abCreo que el presidente Trump se ha equivocado hoy. Es la paz del mundo la causa com\u00fan de la humanidad. La paz y la vida son los fundamentos de la existencia\u00bb, expres\u00f3 el mandatario en un mensaje en su cuenta de X. En esa l\u00ednea, Petro pidi\u00f3 que la Organizaci\u00f3n de las Naciones Unidas (ONU) se re\u00fana de inmediato y declare que \u00abes la hora de la paz mundial\u00bb. \u00abEl balance de la violencia mundial de hoy parece ser 50 ni\u00f1as menores de edad asesinadas por un misil de (presidente de Israel, Benjamin) Netanyahu. Se llama barbarie y de nada sirve decirle a las mujeres de Ir\u00e1n que se liberen quit\u00e1ndose sus velos, si quienes eso piden, matan a sus hijas\u00bb, sostuvo el jefe de Estado. Asimismo, Petro inst\u00f3 a mantener la conversaci\u00f3n sobre el desarme nuclear entre Estados Unidos e Ir\u00e1n, y consider\u00f3 urgente que Israel y Palestina adelanten \u00abelecciones libres\u00bb para elegir a sus gobernantes. Durante la madrugada de este s\u00e1bado, Estados Unidos e Israel lanzaron \u00aboperaciones de combate importantes\u00bb contra Ir\u00e1n, que respondi\u00f3 con una serie de contraataques contra objetivos israel\u00edes y estadounidenses en toda la regi\u00f3n, con explosiones reportadas en Bahr\u00e9in, Qatar, Kuwait, Jordania, Emiratos \u00c1rabes Unidos y Arabia Saud\u00ed, entre otros pa\u00edses. Fin<\/p>\n","protected":false},"excerpt":{"rendered":"<p>BOGOT\u00c1, 28 feb (Xinhua) &#8212; El presidente de Colombia, Gustavo Petro, cuestion\u00f3 este s\u00e1bado a&#8230;<\/p>\n","protected":false},"author":1,"featured_media":0,"comment_status":"closed","ping_status":"closed","sticky":false,"template":"","format":"standard","meta":{"footnotes":""},"categories":[2],"tags":[],"class_list":["post-17335","post","type-post","status-publish","format-standard","hentry","category-internacional"],"_links":{"self":[{"href":"https:\/\/informadorweb.com\/index.php?rest_route=\/wp\/v2\/posts\/17335","targetHints":{"allow":["GET"]}}],"collection":[{"href":"https:\/\/informadorweb.com\/index.php?rest_route=\/wp\/v2\/posts"}],"about":[{"href":"https:\/\/informadorweb.com\/index.php?rest_route=\/wp\/v2\/types\/post"}],"author":[{"embeddable":true,"href":"https:\/\/informadorweb.com\/index.php?rest_route=\/wp\/v2\/users\/1"}],"replies":[{"embeddable":true,"href":"https:\/\/informadorweb.com\/index.php?rest_route=%2Fwp%2Fv2%2Fcomments&post=17335"}],"version-history":[{"count":1,"href":"https:\/\/informadorweb.com\/index.php?rest_route=\/wp\/v2\/posts\/17335\/revisions"}],"predecessor-version":[{"id":17336,"href":"https:\/\/informadorweb.com\/index.php?rest_route=\/wp\/v2\/posts\/17335\/revisions\/17336"}],"wp:attachment":[{"href":"https:\/\/informadorweb.com\/index.php?rest_route=%2Fwp%2Fv2%2Fmedia&parent=17335"}],"wp:term":[{"taxonomy":"category","embeddable":true,"href":"https:\/\/informadorweb.com\/index.php?rest_route=%2Fwp%2Fv2%2Fcategories&post=17335"},{"taxonomy":"post_tag","embeddable":true,"href":"https:\/\/informadorweb.com\/index.php?rest_route=%2Fwp%2Fv2%2Ftags&post=17335"}],"curies":[{"name":"wp","href":"https:\/\/api.w.org\/{rel}","templated":true}]}}