{"id":17323,"date":"2026-03-02T13:54:28","date_gmt":"2026-03-02T19:54:28","guid":{"rendered":"https:\/\/informadorweb.com\/?p=17323"},"modified":"2026-03-02T19:54:29","modified_gmt":"2026-03-02T19:54:29","slug":"iran-busca-una-desescalada-dice-canciller-irani","status":"publish","type":"post","link":"https:\/\/informadorweb.com\/?p=17323","title":{"rendered":"Ir\u00e1n busca una desescalada, dice canciller iran\u00ed"},"content":{"rendered":"<p>WASHINGTON, 28 feb (Xinhua) &#8212; El ministro de Relaciones Exteriores de Ir\u00e1n, Seyed Abbas Araghchi, dijo hoy por la ma\u00f1ana que Ir\u00e1n \u00abciertamente est\u00e1 interesado en una desescalada\u00bb y describi\u00f3 el cambio de r\u00e9gimen en Ir\u00e1n como \u00abmisi\u00f3n imposible\u00bb. \u00abNo se puede llevar a cabo un cambio de r\u00e9gimen cuando millones de personas apoyan ese r\u00e9gimen\u00bb, dijo Araghchi en una entrevista exclusiva con NBC News. Minutos despu\u00e9s de los ataques contra Ir\u00e1n, el presidente de Estados Unidos, Donald Trump, exhort\u00f3 a los miembros del Cuerpo de los Guardianes de la Revoluci\u00f3n Isl\u00e1mica, a las fuerzas armadas y a la polic\u00eda a deponer sus armas a cambio de inmunidad, y pidi\u00f3 a la poblaci\u00f3n iran\u00ed \u00abtomar el control del gobierno\u00bb. Araghchi se\u00f1al\u00f3 que Ir\u00e1n est\u00e1 atacando instalaciones militares estadounidenses en Medio Oriente, pero no a \u00abestadounidenses en su territorio\u00bb, lo que indica que Ir\u00e1n est\u00e1 listo para conversar. \u00abEn este momento no hay ninguna comunicaci\u00f3n\u00bb, dijo Araghchi a NBC News. \u00abPero si los estadounidenses quieren hablar con nosotros, saben c\u00f3mo pueden ponerse en contacto conmigo. Ciertamente, estamos interesados en una desescalada\u00bb. \u00abEsta es una guerra elegida por Estados Unidos y tiene que pagar por eso\u00bb, agreg\u00f3 Araghchi. \u00abPero en lo que a nosotros respecta, no queremos guerra\u00bb. Fin<\/p>\n","protected":false},"excerpt":{"rendered":"<p>WASHINGTON, 28 feb (Xinhua) &#8212; El ministro de Relaciones Exteriores de Ir\u00e1n, Seyed Abbas Araghchi,&#8230;<\/p>\n","protected":false},"author":1,"featured_media":0,"comment_status":"closed","ping_status":"closed","sticky":false,"template":"","format":"standard","meta":{"footnotes":""},"categories":[2],"tags":[],"class_list":["post-17323","post","type-post","status-publish","format-standard","hentry","category-internacional"],"_links":{"self":[{"href":"https:\/\/informadorweb.com\/index.php?rest_route=\/wp\/v2\/posts\/17323","targetHints":{"allow":["GET"]}}],"collection":[{"href":"https:\/\/informadorweb.com\/index.php?rest_route=\/wp\/v2\/posts"}],"about":[{"href":"https:\/\/informadorweb.com\/index.php?rest_route=\/wp\/v2\/types\/post"}],"author":[{"embeddable":true,"href":"https:\/\/informadorweb.com\/index.php?rest_route=\/wp\/v2\/users\/1"}],"replies":[{"embeddable":true,"href":"https:\/\/informadorweb.com\/index.php?rest_route=%2Fwp%2Fv2%2Fcomments&post=17323"}],"version-history":[{"count":1,"href":"https:\/\/informadorweb.com\/index.php?rest_route=\/wp\/v2\/posts\/17323\/revisions"}],"predecessor-version":[{"id":17324,"href":"https:\/\/informadorweb.com\/index.php?rest_route=\/wp\/v2\/posts\/17323\/revisions\/17324"}],"wp:attachment":[{"href":"https:\/\/informadorweb.com\/index.php?rest_route=%2Fwp%2Fv2%2Fmedia&parent=17323"}],"wp:term":[{"taxonomy":"category","embeddable":true,"href":"https:\/\/informadorweb.com\/index.php?rest_route=%2Fwp%2Fv2%2Fcategories&post=17323"},{"taxonomy":"post_tag","embeddable":true,"href":"https:\/\/informadorweb.com\/index.php?rest_route=%2Fwp%2Fv2%2Ftags&post=17323"}],"curies":[{"name":"wp","href":"https:\/\/api.w.org\/{rel}","templated":true}]}}