{"id":17317,"date":"2026-03-02T13:50:24","date_gmt":"2026-03-02T19:50:24","guid":{"rendered":"https:\/\/informadorweb.com\/?p=17317"},"modified":"2026-03-02T19:50:38","modified_gmt":"2026-03-02T19:50:38","slug":"se-elevan-a-70-los-muertos-por-lluvias-en-sureste-de-brasil","status":"publish","type":"post","link":"https:\/\/informadorweb.com\/?p=17317","title":{"rendered":"Se elevan a 70 los muertos por lluvias en sureste de Brasil"},"content":{"rendered":"<div class=\"el-scrollbar__wrap\">\n<div class=\"el-scrollbar__view\">\n<div class=\"news-content\" data-v-e79c3ee4=\"\">R\u00cdO DE JANEIRO, 28 feb (Xinhua) &#8212; El n\u00famero de muertos por las intensas lluvias que azotan desde comienzos de esta semana la regi\u00f3n de la Zona da Mata, en el estado brasile\u00f1o de Minas Gerais (sureste), aument\u00f3 hoy s\u00e1bado a 70, mientras que al menos tres personas permanecen desaparecidas. De acuerdo con el Cuerpo de Bomberos, 64 de los fallecimientos tuvieron lugar en el municipio de Juiz de Fora y otros seis en la ciudad vecina de Ub\u00e1, las dos localidades m\u00e1s afectadas por los temporales que provocaron inundaciones y deslizamientos de tierra desde el pasado lunes. En tanto, los equipos de rescate iniciaron este s\u00e1bado el quinto d\u00eda consecutivo de operaciones de b\u00fasqueda en la regi\u00f3n, donde contin\u00faan desaparecidas tres personas: dos en Ub\u00e1 y un menor de edad en Juiz de Fora. Seg\u00fan las autoridades, la ausencia de precipitaciones durante la noche del viernes y la ma\u00f1ana de este s\u00e1bado ha favorecido las tareas de rescate, aunque el suelo sigue saturado de agua, lo que dificulta el acceso de maquinaria pesada en diversos puntos. La alcald\u00eda de Juiz de Fora detall\u00f3 a la prensa que el municipio registra hasta el momento 8.584 personas que han tenido que abandonar sus hogares, entre desalojados y damnificados, adem\u00e1s de m\u00e1s de 2.300 incidentes atendidos por la Defensa Civil desde el inicio del temporal, el pasado 23 de febrero. Las lluvias que afectan a Minas Gerais forman parte del periodo m\u00e1s letal registrado en el estado en las \u00faltimas dos d\u00e9cadas, con decenas de muertes contabilizadas en distintos municipios durante la actual temporada de precipitaciones, que se extiende desde octubre de 2025. El presidente brasile\u00f1o, Luiz In\u00e1cio Lula da Silva, tiene previsto visitar este s\u00e1bado las \u00e1reas afectadas y reunirse con autoridades locales de los municipios m\u00e1s impactados para coordinar acciones de asistencia a la poblaci\u00f3n. Fin<\/div>\n<\/div>\n<\/div>\n<div class=\"el-scrollbar__bar is-horizontal\"><\/div>\n","protected":false},"excerpt":{"rendered":"<p>R\u00cdO DE JANEIRO, 28 feb (Xinhua) &#8212; El n\u00famero de muertos por las intensas lluvias&#8230;<\/p>\n","protected":false},"author":1,"featured_media":0,"comment_status":"closed","ping_status":"closed","sticky":false,"template":"","format":"standard","meta":{"footnotes":""},"categories":[2],"tags":[],"class_list":["post-17317","post","type-post","status-publish","format-standard","hentry","category-internacional"],"_links":{"self":[{"href":"https:\/\/informadorweb.com\/index.php?rest_route=\/wp\/v2\/posts\/17317","targetHints":{"allow":["GET"]}}],"collection":[{"href":"https:\/\/informadorweb.com\/index.php?rest_route=\/wp\/v2\/posts"}],"about":[{"href":"https:\/\/informadorweb.com\/index.php?rest_route=\/wp\/v2\/types\/post"}],"author":[{"embeddable":true,"href":"https:\/\/informadorweb.com\/index.php?rest_route=\/wp\/v2\/users\/1"}],"replies":[{"embeddable":true,"href":"https:\/\/informadorweb.com\/index.php?rest_route=%2Fwp%2Fv2%2Fcomments&post=17317"}],"version-history":[{"count":1,"href":"https:\/\/informadorweb.com\/index.php?rest_route=\/wp\/v2\/posts\/17317\/revisions"}],"predecessor-version":[{"id":17318,"href":"https:\/\/informadorweb.com\/index.php?rest_route=\/wp\/v2\/posts\/17317\/revisions\/17318"}],"wp:attachment":[{"href":"https:\/\/informadorweb.com\/index.php?rest_route=%2Fwp%2Fv2%2Fmedia&parent=17317"}],"wp:term":[{"taxonomy":"category","embeddable":true,"href":"https:\/\/informadorweb.com\/index.php?rest_route=%2Fwp%2Fv2%2Fcategories&post=17317"},{"taxonomy":"post_tag","embeddable":true,"href":"https:\/\/informadorweb.com\/index.php?rest_route=%2Fwp%2Fv2%2Ftags&post=17317"}],"curies":[{"name":"wp","href":"https:\/\/api.w.org\/{rel}","templated":true}]}}