{"id":17305,"date":"2026-03-02T13:40:07","date_gmt":"2026-03-02T19:40:07","guid":{"rendered":"https:\/\/informadorweb.com\/?p=17305"},"modified":"2026-03-02T19:40:09","modified_gmt":"2026-03-02T19:40:09","slug":"avance-jefe-de-onu-condena-escalada-militar-en-medio-oriente","status":"publish","type":"post","link":"https:\/\/informadorweb.com\/?p=17305","title":{"rendered":"Avance: Jefe de ONU condena escalada militar en Medio Oriente"},"content":{"rendered":"<p>NACIONES UNIDAS, 28 feb (Xinhua) &#8212; El secretario general de la ONU, Ant\u00f3nio Guterres, conden\u00f3 hoy s\u00e1bado la escalada militar en Medio Oriente y afirm\u00f3 que el uso de la fuerza por parte de Estados Unidos e Israel contra Ir\u00e1n, y las posteriores represalias iran\u00edes en toda la regi\u00f3n, socavan la paz y la seguridad internacionales. \u00abTodos los pa\u00edses miembros deben respetar sus obligaciones en virtud del derecho internacional, incluida la Carta de las Naciones Unidas\u00bb, que proh\u00edbe claramente \u00abla amenaza del uso de la fuerza contra la integridad territorial o la independencia pol\u00edtica de cualquier Estado, o de cualquier otra manera incompatible con los prop\u00f3sitos de las Naciones Unidas\u00bb, se\u00f1al\u00f3 Guterres en un comunicado. El jefe de la ONU pidi\u00f3 el cese inmediato de las hostilidades y la desescalada, y advirti\u00f3 que, de no hacerlo, se corre el riesgo de un conflicto regional m\u00e1s amplio, con graves consecuencias para la poblaci\u00f3n civil y la estabilidad regional. \u00abAnimo encarecidamente a todas las partes a que regresen de inmediato a la mesa de negociaciones\u00bb, expres\u00f3. Al destacar que la Carta de las Naciones Unidas ofrece las bases para el mantenimiento de la paz y la seguridad internacionales, Guterres reiter\u00f3 que no existe una alternativa viable a la soluci\u00f3n pac\u00edfica de las controversias internacionales, en plena conformidad con el derecho internacional, incluida la Carta de las Naciones Unidas. Fin<\/p>\n","protected":false},"excerpt":{"rendered":"<p>NACIONES UNIDAS, 28 feb (Xinhua) &#8212; El secretario general de la ONU, Ant\u00f3nio Guterres, conden\u00f3&#8230;<\/p>\n","protected":false},"author":1,"featured_media":0,"comment_status":"closed","ping_status":"closed","sticky":false,"template":"","format":"standard","meta":{"footnotes":""},"categories":[2],"tags":[],"class_list":["post-17305","post","type-post","status-publish","format-standard","hentry","category-internacional"],"_links":{"self":[{"href":"https:\/\/informadorweb.com\/index.php?rest_route=\/wp\/v2\/posts\/17305","targetHints":{"allow":["GET"]}}],"collection":[{"href":"https:\/\/informadorweb.com\/index.php?rest_route=\/wp\/v2\/posts"}],"about":[{"href":"https:\/\/informadorweb.com\/index.php?rest_route=\/wp\/v2\/types\/post"}],"author":[{"embeddable":true,"href":"https:\/\/informadorweb.com\/index.php?rest_route=\/wp\/v2\/users\/1"}],"replies":[{"embeddable":true,"href":"https:\/\/informadorweb.com\/index.php?rest_route=%2Fwp%2Fv2%2Fcomments&post=17305"}],"version-history":[{"count":1,"href":"https:\/\/informadorweb.com\/index.php?rest_route=\/wp\/v2\/posts\/17305\/revisions"}],"predecessor-version":[{"id":17306,"href":"https:\/\/informadorweb.com\/index.php?rest_route=\/wp\/v2\/posts\/17305\/revisions\/17306"}],"wp:attachment":[{"href":"https:\/\/informadorweb.com\/index.php?rest_route=%2Fwp%2Fv2%2Fmedia&parent=17305"}],"wp:term":[{"taxonomy":"category","embeddable":true,"href":"https:\/\/informadorweb.com\/index.php?rest_route=%2Fwp%2Fv2%2Fcategories&post=17305"},{"taxonomy":"post_tag","embeddable":true,"href":"https:\/\/informadorweb.com\/index.php?rest_route=%2Fwp%2Fv2%2Ftags&post=17305"}],"curies":[{"name":"wp","href":"https:\/\/api.w.org\/{rel}","templated":true}]}}