{"id":17303,"date":"2026-03-02T13:39:26","date_gmt":"2026-03-02T19:39:26","guid":{"rendered":"https:\/\/informadorweb.com\/?p=17303"},"modified":"2026-03-02T19:39:28","modified_gmt":"2026-03-02T19:39:28","slug":"macron-advierte-sobre-graves-consecuencias-del-conflicto-ee-uu-iran-y-solicita-reunion-urgente-del-consejo-de-seguridad-de-la-onu","status":"publish","type":"post","link":"https:\/\/informadorweb.com\/?p=17303","title":{"rendered":"Macron advierte sobre \u00abgraves consecuencias\u00bb del conflicto EE. UU.-Ir\u00e1n y solicita reuni\u00f3n urgente del Consejo de Seguridad de la ONU"},"content":{"rendered":"<p>PAR\u00cdS, 28 feb (Xinhua) &#8212; El presidente franc\u00e9s, Emmanuel Macron, afirm\u00f3 hoy que el estallido de la guerra entre Estados Unidos, Israel e Ir\u00e1n conlleva graves consecuencias para la paz y la seguridad internacionales. En una publicaci\u00f3n en la red social X, Macron se\u00f1al\u00f3 que la escalada en curso es peligrosa para todos y debe detenerse. Estados Unidos e Israel lanzaron este s\u00e1bado \u00aboperaciones de combate a gran escala\u00bb contra Ir\u00e1n, menos de dos d\u00edas despu\u00e9s de las negociaciones nucleares entre Washington y Teher\u00e1n en Ginebra (Suiza), que seg\u00fan el mediador Om\u00e1n hab\u00edan logrado \u00abprogresos sustanciales\u00bb hacia un acuerdo. Sin embargo, el presidente estadounidense, Donald Trump, expres\u00f3 el viernes su descontento con el desarrollo de las negociaciones, afirmando que los iran\u00edes \u00abno est\u00e1n dispuestos a darnos lo que necesitamos\u00bb. \u00abEn este momento decisivo, se est\u00e1n tomando todas las medidas para garantizar la seguridad de nuestro territorio nacional, de nuestros ciudadanos y de nuestros intereses en Medio Oriente\u00bb, declar\u00f3 Macron, y agreg\u00f3 que Francia tambi\u00e9n est\u00e1 lista para desplegar los recursos necesarios para proteger a sus socios m\u00e1s cercanos, si as\u00ed lo solicitan. Macron indic\u00f3 que Francia solicit\u00f3 una reuni\u00f3n urgente del Consejo de Seguridad de las Naciones Unidas y que \u00e9l mantiene un contacto estrecho con socios europeos y amigos en Medio Oriente. El Ministerio de Asuntos Exteriores de Francia emiti\u00f3 el viernes una alerta de seguridad para los ciudadanos franceses, desaconsejando viajar a Israel ante la situaci\u00f3n de seguridad en Ir\u00e1n y sus posibles repercusiones locales. Fin<\/p>\n","protected":false},"excerpt":{"rendered":"<p>PAR\u00cdS, 28 feb (Xinhua) &#8212; El presidente franc\u00e9s, Emmanuel Macron, afirm\u00f3 hoy que el estallido&#8230;<\/p>\n","protected":false},"author":1,"featured_media":0,"comment_status":"closed","ping_status":"closed","sticky":false,"template":"","format":"standard","meta":{"footnotes":""},"categories":[2],"tags":[],"class_list":["post-17303","post","type-post","status-publish","format-standard","hentry","category-internacional"],"_links":{"self":[{"href":"https:\/\/informadorweb.com\/index.php?rest_route=\/wp\/v2\/posts\/17303","targetHints":{"allow":["GET"]}}],"collection":[{"href":"https:\/\/informadorweb.com\/index.php?rest_route=\/wp\/v2\/posts"}],"about":[{"href":"https:\/\/informadorweb.com\/index.php?rest_route=\/wp\/v2\/types\/post"}],"author":[{"embeddable":true,"href":"https:\/\/informadorweb.com\/index.php?rest_route=\/wp\/v2\/users\/1"}],"replies":[{"embeddable":true,"href":"https:\/\/informadorweb.com\/index.php?rest_route=%2Fwp%2Fv2%2Fcomments&post=17303"}],"version-history":[{"count":1,"href":"https:\/\/informadorweb.com\/index.php?rest_route=\/wp\/v2\/posts\/17303\/revisions"}],"predecessor-version":[{"id":17304,"href":"https:\/\/informadorweb.com\/index.php?rest_route=\/wp\/v2\/posts\/17303\/revisions\/17304"}],"wp:attachment":[{"href":"https:\/\/informadorweb.com\/index.php?rest_route=%2Fwp%2Fv2%2Fmedia&parent=17303"}],"wp:term":[{"taxonomy":"category","embeddable":true,"href":"https:\/\/informadorweb.com\/index.php?rest_route=%2Fwp%2Fv2%2Fcategories&post=17303"},{"taxonomy":"post_tag","embeddable":true,"href":"https:\/\/informadorweb.com\/index.php?rest_route=%2Fwp%2Fv2%2Ftags&post=17303"}],"curies":[{"name":"wp","href":"https:\/\/api.w.org\/{rel}","templated":true}]}}