{"id":17295,"date":"2026-03-02T13:37:06","date_gmt":"2026-03-02T19:37:06","guid":{"rendered":"https:\/\/informadorweb.com\/?p=17295"},"modified":"2026-03-02T19:37:08","modified_gmt":"2026-03-02T19:37:08","slug":"evolucion-de-la-situacion-en-iran-es-profundamente-preocupante-afirman-lideres-de-la-ue","status":"publish","type":"post","link":"https:\/\/informadorweb.com\/?p=17295","title":{"rendered":"Evoluci\u00f3n de la situaci\u00f3n en Ir\u00e1n es \u00abprofundamente preocupante\u00bb, afirman l\u00edderes de la UE"},"content":{"rendered":"<p>BRUSELAS, 28 feb (Xinhua) &#8212; Los l\u00edderes de la Uni\u00f3n Europea (UE) afirmaron hoy s\u00e1bado que la evoluci\u00f3n de la situaci\u00f3n en Ir\u00e1n es \u00abprofundamente preocupante\u00bb e instaron a todas las partes a ejercer la m\u00e1xima moderaci\u00f3n. \u00abSeguimos en estrecho contacto con nuestros socios en la regi\u00f3n\u00bb, se\u00f1alaron en una declaraci\u00f3n conjunta el presidente del Consejo Europeo, Ant\u00f3nio Costa, y la titular de la Comisi\u00f3n Europea, Ursula von der Leyen. Subrayaron la importancia de garantizar la seguridad nuclear y de evitar medidas que puedan agravar a\u00fan m\u00e1s las tensiones o socavar el r\u00e9gimen global de no proliferaci\u00f3n. \u00abHacemos un llamamiento a todas las partes para que ejerzan la m\u00e1xima moderaci\u00f3n, protejan a los civiles y respeten plenamente el derecho internacional\u00bb, reza el texto. Mientras tanto, la alta representante de Asuntos Exteriores y Pol\u00edtica de Seguridad de la UE, Kaja Kallas, escribi\u00f3 en X que los \u00faltimos acontecimientos en Medio Oriente son \u00abpeligrosos\u00bb, y a\u00f1adi\u00f3 que el personal no esencial de la UE est\u00e1 siendo retirado de la regi\u00f3n. Kallas dijo que habl\u00f3 con el ministro de Asuntos Exteriores de Israel, Gideon Saar, y con otros ministros de la regi\u00f3n, y que la UE est\u00e1 coordinando estrechamente con sus socios \u00e1rabes para explorar v\u00edas diplom\u00e1ticas. Fin<\/p>\n","protected":false},"excerpt":{"rendered":"<p>BRUSELAS, 28 feb (Xinhua) &#8212; Los l\u00edderes de la Uni\u00f3n Europea (UE) afirmaron hoy s\u00e1bado&#8230;<\/p>\n","protected":false},"author":1,"featured_media":0,"comment_status":"closed","ping_status":"closed","sticky":false,"template":"","format":"standard","meta":{"footnotes":""},"categories":[2],"tags":[],"class_list":["post-17295","post","type-post","status-publish","format-standard","hentry","category-internacional"],"_links":{"self":[{"href":"https:\/\/informadorweb.com\/index.php?rest_route=\/wp\/v2\/posts\/17295","targetHints":{"allow":["GET"]}}],"collection":[{"href":"https:\/\/informadorweb.com\/index.php?rest_route=\/wp\/v2\/posts"}],"about":[{"href":"https:\/\/informadorweb.com\/index.php?rest_route=\/wp\/v2\/types\/post"}],"author":[{"embeddable":true,"href":"https:\/\/informadorweb.com\/index.php?rest_route=\/wp\/v2\/users\/1"}],"replies":[{"embeddable":true,"href":"https:\/\/informadorweb.com\/index.php?rest_route=%2Fwp%2Fv2%2Fcomments&post=17295"}],"version-history":[{"count":1,"href":"https:\/\/informadorweb.com\/index.php?rest_route=\/wp\/v2\/posts\/17295\/revisions"}],"predecessor-version":[{"id":17296,"href":"https:\/\/informadorweb.com\/index.php?rest_route=\/wp\/v2\/posts\/17295\/revisions\/17296"}],"wp:attachment":[{"href":"https:\/\/informadorweb.com\/index.php?rest_route=%2Fwp%2Fv2%2Fmedia&parent=17295"}],"wp:term":[{"taxonomy":"category","embeddable":true,"href":"https:\/\/informadorweb.com\/index.php?rest_route=%2Fwp%2Fv2%2Fcategories&post=17295"},{"taxonomy":"post_tag","embeddable":true,"href":"https:\/\/informadorweb.com\/index.php?rest_route=%2Fwp%2Fv2%2Ftags&post=17295"}],"curies":[{"name":"wp","href":"https:\/\/api.w.org\/{rel}","templated":true}]}}