{"id":17291,"date":"2026-03-02T13:36:09","date_gmt":"2026-03-02T19:36:09","guid":{"rendered":"https:\/\/informadorweb.com\/?p=17291"},"modified":"2026-03-02T19:36:10","modified_gmt":"2026-03-02T19:36:10","slug":"ataques-contra-iran-ponen-en-peligro-paz-y-seguridad-internacional-denuncia-presidente-de-cuba","status":"publish","type":"post","link":"https:\/\/informadorweb.com\/?p=17291","title":{"rendered":"Ataques contra Ir\u00e1n ponen en peligro paz y seguridad internacional, denuncia presidente de Cuba"},"content":{"rendered":"<p>LA HABANA, 28 feb (Xinhua) &#8212; El presidente de Cuba, Miguel D\u00edaz-Canel, advirti\u00f3 este s\u00e1bado que los ataques de Estados Unidos e Israel contra Ir\u00e1n \u00abponen en peligro la paz y la seguridad regional e internacional\u00bb. \u00ab(Estas acciones) arruinan por segunda ocasi\u00f3n los esfuerzos de la diplomacia en relaci\u00f3n con la cuesti\u00f3n nuclear\u00bb, denunci\u00f3 el mandatario cubano en un mensaje en su cuenta de X, en el que se\u00f1al\u00f3 adem\u00e1s que el ataque constituye una \u00abflagrante violaci\u00f3n del Derecho Internacional y de la Carta de la ONU (Naciones Unidas)\u00bb. En la misma l\u00ednea, el canciller Bruno Rodr\u00edguez conden\u00f3 que los ataques \u00abviolan la soberan\u00eda e integridad territorial\u00bb de Ir\u00e1n y se suscitan \u00abpor segunda ocasi\u00f3n cuando estaban en curso conversaciones sobre la cuesti\u00f3n nuclear\u00bb. \u00abLa comunidad internacional debe movilizarse para detener de inmediato la artera agresi\u00f3n\u00bb, exhort\u00f3 el titular de Relaciones Exteriores en su cuenta en X. Durante la madrugada de este s\u00e1bado, Estados Unidos e Israel lanzaron \u00aboperaciones de combate importantes\u00bb contra Ir\u00e1n, que respondi\u00f3 con una serie de contraataques contra objetivos israel\u00edes y estadounidenses en toda la regi\u00f3n, con explosiones reportadas en Bahr\u00e9in, Qatar, Kuwait, Jordania, Emiratos \u00c1rabes Unidos y Arabia Saud\u00ed, entre otros pa\u00edses. Fin<\/p>\n","protected":false},"excerpt":{"rendered":"<p>LA HABANA, 28 feb (Xinhua) &#8212; El presidente de Cuba, Miguel D\u00edaz-Canel, advirti\u00f3 este s\u00e1bado&#8230;<\/p>\n","protected":false},"author":1,"featured_media":0,"comment_status":"closed","ping_status":"closed","sticky":false,"template":"","format":"standard","meta":{"footnotes":""},"categories":[2],"tags":[],"class_list":["post-17291","post","type-post","status-publish","format-standard","hentry","category-internacional"],"_links":{"self":[{"href":"https:\/\/informadorweb.com\/index.php?rest_route=\/wp\/v2\/posts\/17291","targetHints":{"allow":["GET"]}}],"collection":[{"href":"https:\/\/informadorweb.com\/index.php?rest_route=\/wp\/v2\/posts"}],"about":[{"href":"https:\/\/informadorweb.com\/index.php?rest_route=\/wp\/v2\/types\/post"}],"author":[{"embeddable":true,"href":"https:\/\/informadorweb.com\/index.php?rest_route=\/wp\/v2\/users\/1"}],"replies":[{"embeddable":true,"href":"https:\/\/informadorweb.com\/index.php?rest_route=%2Fwp%2Fv2%2Fcomments&post=17291"}],"version-history":[{"count":1,"href":"https:\/\/informadorweb.com\/index.php?rest_route=\/wp\/v2\/posts\/17291\/revisions"}],"predecessor-version":[{"id":17292,"href":"https:\/\/informadorweb.com\/index.php?rest_route=\/wp\/v2\/posts\/17291\/revisions\/17292"}],"wp:attachment":[{"href":"https:\/\/informadorweb.com\/index.php?rest_route=%2Fwp%2Fv2%2Fmedia&parent=17291"}],"wp:term":[{"taxonomy":"category","embeddable":true,"href":"https:\/\/informadorweb.com\/index.php?rest_route=%2Fwp%2Fv2%2Fcategories&post=17291"},{"taxonomy":"post_tag","embeddable":true,"href":"https:\/\/informadorweb.com\/index.php?rest_route=%2Fwp%2Fv2%2Ftags&post=17291"}],"curies":[{"name":"wp","href":"https:\/\/api.w.org\/{rel}","templated":true}]}}