{"id":17289,"date":"2026-03-02T13:35:28","date_gmt":"2026-03-02T19:35:28","guid":{"rendered":"https:\/\/informadorweb.com\/?p=17289"},"modified":"2026-03-02T19:35:30","modified_gmt":"2026-03-02T19:35:30","slug":"canciller-irani-afirma-que-trump-ha-convertido-el-lema-estados-unidos-primero-en-israel-primero-tras-los-ataques-estadounidenses-e-israelies-contra-iran","status":"publish","type":"post","link":"https:\/\/informadorweb.com\/?p=17289","title":{"rendered":"Canciller iran\u00ed afirma que Trump ha convertido el lema \u00abEstados Unidos Primero\u00bb en \u00abIsrael Primero\u00bb tras los ataques estadounidenses e israel\u00edes contra Ir\u00e1n"},"content":{"rendered":"<p>TEHER\u00c1N, 28 feb (Xinhua) &#8212; El ministro de Relaciones Exteriores de Ir\u00e1n, Seyed Abbas Araghchi, afirm\u00f3 hoy s\u00e1bado que el presidente de Estados Unidos, Donald Trump, ha convertido el lema \u00abEstados Unidos Primero\u00bb en \u00abIsrael Primero\u00bb. En una publicaci\u00f3n en la plataforma de redes sociales X, Araghchi hizo estas declaraciones despu\u00e9s de que Israel y Estados Unidos lanzaran ataques conjuntos esta madrugada contra Teher\u00e1n y otras ciudades iran\u00edes. Araghchi indic\u00f3 que la guerra liderada por el primer ministro israel\u00ed, Benjamin Netanyahu, y Trump contra Ir\u00e1n fue \u00abtotalmente no provocada, ilegal e ileg\u00edtima\u00bb. Se\u00f1al\u00f3 que las fuerzas armadas iran\u00edes est\u00e1n preparadas para responder. \u00abNuestras poderosas fuerzas armadas est\u00e1n preparadas para este d\u00eda y dar\u00e1n a los agresores la lecci\u00f3n que merecen\u00bb, asever\u00f3. Esta madrugada, Israel y Estados Unidos lanzaron ataques contra Teher\u00e1n y varias otras ciudades, como Tabriz, Qom, Isfah\u00e1n, Kermanshah y Karaj. Ir\u00e1n respondi\u00f3 con ataques con misiles y drones contra bases israel\u00edes y estadounidenses en la regi\u00f3n. Un ataque a\u00e9reo israel\u00ed impact\u00f3 una escuela primaria de ni\u00f1as en Minab, provincia de Hormozgan, matando al menos a 60 estudiantes e hiriendo a otras 80, inform\u00f3 la agencia oficial de noticias IRNA. A\u00f1adi\u00f3 que decenas de estudiantes segu\u00edan atrapadas bajo los escombros y que el n\u00famero de v\u00edctimas podr\u00eda aumentar. Al condenar el ataque, Araghchi dijo que la escuela \u00abfue bombardeada a plena luz del d\u00eda, cuando estaba repleta de j\u00f3venes alumnas\u00bb, y agreg\u00f3 que \u00abestos cr\u00edmenes contra el pueblo iran\u00ed no quedar\u00e1n impunes\u00bb. Fin<\/p>\n","protected":false},"excerpt":{"rendered":"<p>TEHER\u00c1N, 28 feb (Xinhua) &#8212; El ministro de Relaciones Exteriores de Ir\u00e1n, Seyed Abbas Araghchi,&#8230;<\/p>\n","protected":false},"author":1,"featured_media":0,"comment_status":"closed","ping_status":"closed","sticky":false,"template":"","format":"standard","meta":{"footnotes":""},"categories":[2],"tags":[],"class_list":["post-17289","post","type-post","status-publish","format-standard","hentry","category-internacional"],"_links":{"self":[{"href":"https:\/\/informadorweb.com\/index.php?rest_route=\/wp\/v2\/posts\/17289","targetHints":{"allow":["GET"]}}],"collection":[{"href":"https:\/\/informadorweb.com\/index.php?rest_route=\/wp\/v2\/posts"}],"about":[{"href":"https:\/\/informadorweb.com\/index.php?rest_route=\/wp\/v2\/types\/post"}],"author":[{"embeddable":true,"href":"https:\/\/informadorweb.com\/index.php?rest_route=\/wp\/v2\/users\/1"}],"replies":[{"embeddable":true,"href":"https:\/\/informadorweb.com\/index.php?rest_route=%2Fwp%2Fv2%2Fcomments&post=17289"}],"version-history":[{"count":1,"href":"https:\/\/informadorweb.com\/index.php?rest_route=\/wp\/v2\/posts\/17289\/revisions"}],"predecessor-version":[{"id":17290,"href":"https:\/\/informadorweb.com\/index.php?rest_route=\/wp\/v2\/posts\/17289\/revisions\/17290"}],"wp:attachment":[{"href":"https:\/\/informadorweb.com\/index.php?rest_route=%2Fwp%2Fv2%2Fmedia&parent=17289"}],"wp:term":[{"taxonomy":"category","embeddable":true,"href":"https:\/\/informadorweb.com\/index.php?rest_route=%2Fwp%2Fv2%2Fcategories&post=17289"},{"taxonomy":"post_tag","embeddable":true,"href":"https:\/\/informadorweb.com\/index.php?rest_route=%2Fwp%2Fv2%2Ftags&post=17289"}],"curies":[{"name":"wp","href":"https:\/\/api.w.org\/{rel}","templated":true}]}}