{"id":17279,"date":"2026-03-02T13:31:06","date_gmt":"2026-03-02T19:31:06","guid":{"rendered":"https:\/\/informadorweb.com\/?p=17279"},"modified":"2026-03-02T19:31:09","modified_gmt":"2026-03-02T19:31:09","slug":"peru-exhorta-a-eeuu-israel-e-iran-a-privilegiar-el-dialogo-y-evitar-mas-acciones-militares-agravantes","status":"publish","type":"post","link":"https:\/\/informadorweb.com\/?p=17279","title":{"rendered":"Per\u00fa exhorta a EEUU, Israel e Ir\u00e1n a privilegiar el di\u00e1logo y evitar m\u00e1s acciones militares agravantes"},"content":{"rendered":"<p>LIMA, 28 feb (Xinhua) &#8212; El Gobierno de Per\u00fa llam\u00f3 este s\u00e1bado a la convivencia pac\u00edfica en el Medio Oriente y exhort\u00f3 a Estados Unidos, Israel e Ir\u00e1n a \u00abevitar acciones que puedan agravar la situaci\u00f3n y privilegiar el di\u00e1logo y los mecanismos diplom\u00e1ticos como v\u00eda para restablecer la estabilidad y la paz en la regi\u00f3n\u00bb. \u00abPer\u00fa reafirma su firme compromiso con el respeto irrestricto del Derecho Internacional, la soberan\u00eda de los Estados, la integridad territorial y la soluci\u00f3n pac\u00edfica de las controversias, conforme a los principios consagrados en la Carta de las Naciones Unidas\u00bb, subray\u00f3 la canciller\u00eda en un comunicado difundido en sus redes sociales. El Ministerio de Relaciones Exteriores pidi\u00f3 a los ciudadanos peruanos mantenerse informados a trav\u00e9s de las fuentes oficiales, seguir estrictamente las indicaciones de las autoridades locales y contactar a su oficina consular correspondiente para registrar su situaci\u00f3n y facilitar eventuales acciones de asistencia. Durante la madrugada de este s\u00e1bado, Estados Unidos e Israel lanzaron operaciones de combate contra Ir\u00e1n, que respondi\u00f3 con una serie de contraataques contra objetivos israel\u00edes y estadounidenses en toda la regi\u00f3n. Fin<\/p>\n","protected":false},"excerpt":{"rendered":"<p>LIMA, 28 feb (Xinhua) &#8212; El Gobierno de Per\u00fa llam\u00f3 este s\u00e1bado a la convivencia&#8230;<\/p>\n","protected":false},"author":1,"featured_media":0,"comment_status":"closed","ping_status":"closed","sticky":false,"template":"","format":"standard","meta":{"footnotes":""},"categories":[2],"tags":[],"class_list":["post-17279","post","type-post","status-publish","format-standard","hentry","category-internacional"],"_links":{"self":[{"href":"https:\/\/informadorweb.com\/index.php?rest_route=\/wp\/v2\/posts\/17279","targetHints":{"allow":["GET"]}}],"collection":[{"href":"https:\/\/informadorweb.com\/index.php?rest_route=\/wp\/v2\/posts"}],"about":[{"href":"https:\/\/informadorweb.com\/index.php?rest_route=\/wp\/v2\/types\/post"}],"author":[{"embeddable":true,"href":"https:\/\/informadorweb.com\/index.php?rest_route=\/wp\/v2\/users\/1"}],"replies":[{"embeddable":true,"href":"https:\/\/informadorweb.com\/index.php?rest_route=%2Fwp%2Fv2%2Fcomments&post=17279"}],"version-history":[{"count":1,"href":"https:\/\/informadorweb.com\/index.php?rest_route=\/wp\/v2\/posts\/17279\/revisions"}],"predecessor-version":[{"id":17280,"href":"https:\/\/informadorweb.com\/index.php?rest_route=\/wp\/v2\/posts\/17279\/revisions\/17280"}],"wp:attachment":[{"href":"https:\/\/informadorweb.com\/index.php?rest_route=%2Fwp%2Fv2%2Fmedia&parent=17279"}],"wp:term":[{"taxonomy":"category","embeddable":true,"href":"https:\/\/informadorweb.com\/index.php?rest_route=%2Fwp%2Fv2%2Fcategories&post=17279"},{"taxonomy":"post_tag","embeddable":true,"href":"https:\/\/informadorweb.com\/index.php?rest_route=%2Fwp%2Fv2%2Ftags&post=17279"}],"curies":[{"name":"wp","href":"https:\/\/api.w.org\/{rel}","templated":true}]}}