{"id":17269,"date":"2026-03-02T13:28:58","date_gmt":"2026-03-02T19:28:58","guid":{"rendered":"https:\/\/informadorweb.com\/?p=17269"},"modified":"2026-03-02T19:29:00","modified_gmt":"2026-03-02T19:29:00","slug":"uruguay-expresa-extrema-preocupacion-por-ataques-de-eeuu-e-israel-contra-iran-y-la-respuesta-militar","status":"publish","type":"post","link":"https:\/\/informadorweb.com\/?p=17269","title":{"rendered":"Uruguay expresa \u00abextrema preocupaci\u00f3n\u00bb por ataques de EEUU e Israel contra Ir\u00e1n y la respuesta militar"},"content":{"rendered":"<p>MONTEVIDEO, 28 feb (Xinhua) &#8212; El Gobierno de Uruguay manifest\u00f3 este s\u00e1bado su \u00abextrema preocupaci\u00f3n\u00bb por los ataques militares a Ir\u00e1n por parte de Estados Unidos e Israel, as\u00ed como la respuesta militar iran\u00ed, que incluye objetivos en los territorios de sus pa\u00edses vecinos. \u00abEl respeto del Derecho Internacional y de la Carta de Naciones Unidas, en particular de las cl\u00e1usulas que regulan el uso de la fuerza en las relaciones internacionales, resulta indispensable para el mantenimiento de la paz y la seguridad regional y global\u00bb, sostuvo la canciller\u00eda uruguaya en un comunicado. La cartera subray\u00f3 que Uruguay es un pa\u00eds promotor de la paz, por lo que urgi\u00f3 a las partes a la desescalada de la violencia, a mostrar m\u00e1xima contenci\u00f3n, a respetar el Derecho Internacional Humanitario y a retomar las v\u00edas diplom\u00e1ticas para la soluci\u00f3n de los problemas de fondo vinculados a la cuesti\u00f3n nuclear. Inform\u00f3 que el Gobierno del presidente Yamand\u00fa Orsi mantiene contacto permanente con el personal diplom\u00e1tico acreditado en sus embajadas en la regi\u00f3n, incluidas las de Israel, Ir\u00e1n, Palestina, Arabia Saudita, Emiratos \u00c1rabes Unidos, Qatar y el L\u00edbano, con el fin de monitorear la situaci\u00f3n de seguridad. Fin<\/p>\n","protected":false},"excerpt":{"rendered":"<p>MONTEVIDEO, 28 feb (Xinhua) &#8212; El Gobierno de Uruguay manifest\u00f3 este s\u00e1bado su \u00abextrema preocupaci\u00f3n\u00bb&#8230;<\/p>\n","protected":false},"author":1,"featured_media":0,"comment_status":"closed","ping_status":"closed","sticky":false,"template":"","format":"standard","meta":{"footnotes":""},"categories":[2],"tags":[],"class_list":["post-17269","post","type-post","status-publish","format-standard","hentry","category-internacional"],"_links":{"self":[{"href":"https:\/\/informadorweb.com\/index.php?rest_route=\/wp\/v2\/posts\/17269","targetHints":{"allow":["GET"]}}],"collection":[{"href":"https:\/\/informadorweb.com\/index.php?rest_route=\/wp\/v2\/posts"}],"about":[{"href":"https:\/\/informadorweb.com\/index.php?rest_route=\/wp\/v2\/types\/post"}],"author":[{"embeddable":true,"href":"https:\/\/informadorweb.com\/index.php?rest_route=\/wp\/v2\/users\/1"}],"replies":[{"embeddable":true,"href":"https:\/\/informadorweb.com\/index.php?rest_route=%2Fwp%2Fv2%2Fcomments&post=17269"}],"version-history":[{"count":1,"href":"https:\/\/informadorweb.com\/index.php?rest_route=\/wp\/v2\/posts\/17269\/revisions"}],"predecessor-version":[{"id":17270,"href":"https:\/\/informadorweb.com\/index.php?rest_route=\/wp\/v2\/posts\/17269\/revisions\/17270"}],"wp:attachment":[{"href":"https:\/\/informadorweb.com\/index.php?rest_route=%2Fwp%2Fv2%2Fmedia&parent=17269"}],"wp:term":[{"taxonomy":"category","embeddable":true,"href":"https:\/\/informadorweb.com\/index.php?rest_route=%2Fwp%2Fv2%2Fcategories&post=17269"},{"taxonomy":"post_tag","embeddable":true,"href":"https:\/\/informadorweb.com\/index.php?rest_route=%2Fwp%2Fv2%2Ftags&post=17269"}],"curies":[{"name":"wp","href":"https:\/\/api.w.org\/{rel}","templated":true}]}}