{"id":17267,"date":"2026-03-02T13:28:36","date_gmt":"2026-03-02T19:28:36","guid":{"rendered":"https:\/\/informadorweb.com\/?p=17267"},"modified":"2026-03-02T19:28:37","modified_gmt":"2026-03-02T19:28:37","slug":"iran-condena-ataques-de-ee-uu-e-israel-y-promete-respuesta-aplastante","status":"publish","type":"post","link":"https:\/\/informadorweb.com\/?p=17267","title":{"rendered":"Ir\u00e1n condena ataques de EE. UU. e Israel y promete respuesta \u00abaplastante\u00bb"},"content":{"rendered":"<p>TEHER\u00c1N, 28 feb (Xinhua) &#8212; El Ministerio de Asuntos Exteriores iran\u00ed afirm\u00f3 hoy s\u00e1bado que el pueblo y las fuerzas armadas de la rep\u00fablica isl\u00e1mica dar\u00e1n una respuesta \u00abdecisiva y determinante\u00bb a lo que calific\u00f3 como los \u00abagresores\u00bb y les har\u00e1n lamentar sus acciones \u00abcriminales\u00bb. En un comunicado difundido por la agencia oficial de noticias IRNA, la Canciller\u00eda se\u00f1al\u00f3: \u00abIr\u00e1n volvi\u00f3 a ser objeto de la agresi\u00f3n militar de Estados Unidos e Israel\u00bb, y a\u00f1adi\u00f3 que las fuerzas estadounidenses e israel\u00edes atacaron infraestructuras de defensa y sitios civiles en m\u00faltiples ciudades iran\u00edes, en flagrante violaci\u00f3n de la soberan\u00eda y la integridad territorial del pa\u00eds. El ministerio critic\u00f3 la \u00abrepetida agresi\u00f3n militar\u00bb en un momento en que Teher\u00e1n y Washington estaban involucrados en un proceso diplom\u00e1tico. A su decir, Ir\u00e1n particip\u00f3 en negociaciones nucleares indirectas pese a anticipar ataques de Estados Unidos e Israel, para demostrar su legitimidad y la ilegitimidad de cualquier pretexto utilizado por los agresores. La cartera de Exteriores sostuvo que responder a los ataques de Estados Unidos e Israel, los cuales calific\u00f3 como \u00abuna violaci\u00f3n flagrante de la Carta de las Naciones Unidas\u00bb, es un derecho leg\u00edtimo de Ir\u00e1n. Y a\u00f1adi\u00f3 que las fuerzas iran\u00edes utilizar\u00e1n todos los medios disponibles para contrarrestar la \u00abagresi\u00f3n criminal y repeler la malicia del enemigo\u00bb. El comunicado insta a las Naciones Unidas y a su Consejo de Seguridad a actuar de inmediato para abordar la amenaza a la paz y la seguridad internacionales que representan los ataques, y llam\u00f3 a todos los Estados miembros de la ONU a condenarlos y adoptar medidas colectivas en su contra. En la ma\u00f1ana de este s\u00e1bado, Israel y Estados Unidos lanzaron ataques conjuntos contra Teher\u00e1n y otras ciudades iran\u00edes. Fin<\/p>\n","protected":false},"excerpt":{"rendered":"<p>TEHER\u00c1N, 28 feb (Xinhua) &#8212; El Ministerio de Asuntos Exteriores iran\u00ed afirm\u00f3 hoy s\u00e1bado que&#8230;<\/p>\n","protected":false},"author":1,"featured_media":0,"comment_status":"closed","ping_status":"closed","sticky":false,"template":"","format":"standard","meta":{"footnotes":""},"categories":[2],"tags":[],"class_list":["post-17267","post","type-post","status-publish","format-standard","hentry","category-internacional"],"_links":{"self":[{"href":"https:\/\/informadorweb.com\/index.php?rest_route=\/wp\/v2\/posts\/17267","targetHints":{"allow":["GET"]}}],"collection":[{"href":"https:\/\/informadorweb.com\/index.php?rest_route=\/wp\/v2\/posts"}],"about":[{"href":"https:\/\/informadorweb.com\/index.php?rest_route=\/wp\/v2\/types\/post"}],"author":[{"embeddable":true,"href":"https:\/\/informadorweb.com\/index.php?rest_route=\/wp\/v2\/users\/1"}],"replies":[{"embeddable":true,"href":"https:\/\/informadorweb.com\/index.php?rest_route=%2Fwp%2Fv2%2Fcomments&post=17267"}],"version-history":[{"count":1,"href":"https:\/\/informadorweb.com\/index.php?rest_route=\/wp\/v2\/posts\/17267\/revisions"}],"predecessor-version":[{"id":17268,"href":"https:\/\/informadorweb.com\/index.php?rest_route=\/wp\/v2\/posts\/17267\/revisions\/17268"}],"wp:attachment":[{"href":"https:\/\/informadorweb.com\/index.php?rest_route=%2Fwp%2Fv2%2Fmedia&parent=17267"}],"wp:term":[{"taxonomy":"category","embeddable":true,"href":"https:\/\/informadorweb.com\/index.php?rest_route=%2Fwp%2Fv2%2Fcategories&post=17267"},{"taxonomy":"post_tag","embeddable":true,"href":"https:\/\/informadorweb.com\/index.php?rest_route=%2Fwp%2Fv2%2Ftags&post=17267"}],"curies":[{"name":"wp","href":"https:\/\/api.w.org\/{rel}","templated":true}]}}