{"id":17263,"date":"2026-03-02T13:27:46","date_gmt":"2026-03-02T19:27:46","guid":{"rendered":"https:\/\/informadorweb.com\/?p=17263"},"modified":"2026-03-02T19:27:48","modified_gmt":"2026-03-02T19:27:48","slug":"urgente-jefe-de-onu-condena-escalada-militar-en-medio-oriente","status":"publish","type":"post","link":"https:\/\/informadorweb.com\/?p=17263","title":{"rendered":"Urgente: Jefe de ONU condena escalada militar en Medio Oriente"},"content":{"rendered":"<div class=\"el-scrollbar__wrap\">\n<div class=\"el-scrollbar__view\">\n<div class=\"news-content\" data-v-e79c3ee4=\"\">NACIONES UNIDAS, 28 feb (Xinhua) &#8212; El secretario general de la ONU, Ant\u00f3nio Guterres, conden\u00f3 hoy s\u00e1bado la escalada militar en Medio Oriente y afirm\u00f3 que el uso de la fuerza por parte de Estados Unidos e Israel contra Ir\u00e1n, y las posteriores represalias iran\u00edes en toda la regi\u00f3n, socavan la paz y la seguridad internacionales. Fin<\/div>\n<\/div>\n<\/div>\n<div class=\"el-scrollbar__bar is-horizontal\"><\/div>\n","protected":false},"excerpt":{"rendered":"<p>NACIONES UNIDAS, 28 feb (Xinhua) &#8212; El secretario general de la ONU, Ant\u00f3nio Guterres, conden\u00f3&#8230;<\/p>\n","protected":false},"author":1,"featured_media":0,"comment_status":"closed","ping_status":"closed","sticky":false,"template":"","format":"standard","meta":{"footnotes":""},"categories":[2],"tags":[],"class_list":["post-17263","post","type-post","status-publish","format-standard","hentry","category-internacional"],"_links":{"self":[{"href":"https:\/\/informadorweb.com\/index.php?rest_route=\/wp\/v2\/posts\/17263","targetHints":{"allow":["GET"]}}],"collection":[{"href":"https:\/\/informadorweb.com\/index.php?rest_route=\/wp\/v2\/posts"}],"about":[{"href":"https:\/\/informadorweb.com\/index.php?rest_route=\/wp\/v2\/types\/post"}],"author":[{"embeddable":true,"href":"https:\/\/informadorweb.com\/index.php?rest_route=\/wp\/v2\/users\/1"}],"replies":[{"embeddable":true,"href":"https:\/\/informadorweb.com\/index.php?rest_route=%2Fwp%2Fv2%2Fcomments&post=17263"}],"version-history":[{"count":1,"href":"https:\/\/informadorweb.com\/index.php?rest_route=\/wp\/v2\/posts\/17263\/revisions"}],"predecessor-version":[{"id":17264,"href":"https:\/\/informadorweb.com\/index.php?rest_route=\/wp\/v2\/posts\/17263\/revisions\/17264"}],"wp:attachment":[{"href":"https:\/\/informadorweb.com\/index.php?rest_route=%2Fwp%2Fv2%2Fmedia&parent=17263"}],"wp:term":[{"taxonomy":"category","embeddable":true,"href":"https:\/\/informadorweb.com\/index.php?rest_route=%2Fwp%2Fv2%2Fcategories&post=17263"},{"taxonomy":"post_tag","embeddable":true,"href":"https:\/\/informadorweb.com\/index.php?rest_route=%2Fwp%2Fv2%2Ftags&post=17263"}],"curies":[{"name":"wp","href":"https:\/\/api.w.org\/{rel}","templated":true}]}}