{"id":17261,"date":"2026-03-02T13:26:52","date_gmt":"2026-03-02T19:26:52","guid":{"rendered":"https:\/\/informadorweb.com\/?p=17261"},"modified":"2026-03-02T19:26:59","modified_gmt":"2026-03-02T19:26:59","slug":"urgente-lideres-de-emiratos-arabes-unidos-y-arabia-saudi-discuten-ataques-iranies-y-acontecimientos-regionales","status":"publish","type":"post","link":"https:\/\/informadorweb.com\/?p=17261","title":{"rendered":"Urgente: L\u00edderes de Emiratos \u00c1rabes Unidos y Arabia Saud\u00ed discuten ataques iran\u00edes y acontecimientos regionales"},"content":{"rendered":"<p>ABU DABI, 28 feb (Xinhua) &#8212; El presidente de Emiratos \u00c1rabes Unidos (EAU), el jeque Mohamed bin Zayed Al Nahyan, discuti\u00f3 hoy s\u00e1bado los ataques iran\u00edes y los acontecimientos regionales con el pr\u00edncipe heredero saud\u00ed y el primer ministro Mohammed bin Salman Al Saud, informaron medios de comunicaci\u00f3n locales. En una conversaci\u00f3n telef\u00f3nica, abordaron los acontecimientos regionales y lo que describieron como flagrantes ataques iran\u00edes contra el territorio de EAU y varios otros pa\u00edses de la regi\u00f3n, de acuerdo con la Agencia de Noticias de los Emiratos (WAM). Ambos l\u00edderes advirtieron de las graves consecuencias de las continuas violaciones de la soberan\u00eda estatal y del derecho internacional, y subrayaron que tales acciones representan una peligrosa escalada que amenaza la seguridad y la estabilidad regionales, inform\u00f3 WAM. Tambi\u00e9n pidieron moderaci\u00f3n e instaron a volver a las soluciones diplom\u00e1ticas para salvaguardar la paz y la estabilidad en la regi\u00f3n. Fin<\/p>\n","protected":false},"excerpt":{"rendered":"<p>ABU DABI, 28 feb (Xinhua) &#8212; El presidente de Emiratos \u00c1rabes Unidos (EAU), el jeque&#8230;<\/p>\n","protected":false},"author":1,"featured_media":0,"comment_status":"closed","ping_status":"closed","sticky":false,"template":"","format":"standard","meta":{"footnotes":""},"categories":[2],"tags":[],"class_list":["post-17261","post","type-post","status-publish","format-standard","hentry","category-internacional"],"_links":{"self":[{"href":"https:\/\/informadorweb.com\/index.php?rest_route=\/wp\/v2\/posts\/17261","targetHints":{"allow":["GET"]}}],"collection":[{"href":"https:\/\/informadorweb.com\/index.php?rest_route=\/wp\/v2\/posts"}],"about":[{"href":"https:\/\/informadorweb.com\/index.php?rest_route=\/wp\/v2\/types\/post"}],"author":[{"embeddable":true,"href":"https:\/\/informadorweb.com\/index.php?rest_route=\/wp\/v2\/users\/1"}],"replies":[{"embeddable":true,"href":"https:\/\/informadorweb.com\/index.php?rest_route=%2Fwp%2Fv2%2Fcomments&post=17261"}],"version-history":[{"count":1,"href":"https:\/\/informadorweb.com\/index.php?rest_route=\/wp\/v2\/posts\/17261\/revisions"}],"predecessor-version":[{"id":17262,"href":"https:\/\/informadorweb.com\/index.php?rest_route=\/wp\/v2\/posts\/17261\/revisions\/17262"}],"wp:attachment":[{"href":"https:\/\/informadorweb.com\/index.php?rest_route=%2Fwp%2Fv2%2Fmedia&parent=17261"}],"wp:term":[{"taxonomy":"category","embeddable":true,"href":"https:\/\/informadorweb.com\/index.php?rest_route=%2Fwp%2Fv2%2Fcategories&post=17261"},{"taxonomy":"post_tag","embeddable":true,"href":"https:\/\/informadorweb.com\/index.php?rest_route=%2Fwp%2Fv2%2Ftags&post=17261"}],"curies":[{"name":"wp","href":"https:\/\/api.w.org\/{rel}","templated":true}]}}