{"id":17247,"date":"2026-03-02T13:22:18","date_gmt":"2026-03-02T19:22:18","guid":{"rendered":"https:\/\/informadorweb.com\/?p=17247"},"modified":"2026-03-02T19:22:22","modified_gmt":"2026-03-02T19:22:22","slug":"brasil-condena-ataque-de-eeuu-e-israel-contra-iran-y-llama-a-negociacion","status":"publish","type":"post","link":"https:\/\/informadorweb.com\/?p=17247","title":{"rendered":"Brasil condena ataque de EEUU e Israel contra Ir\u00e1n y llama a negociaci\u00f3n"},"content":{"rendered":"<p>SAO PAULO, 28 feb (Xinhua) &#8212; El Gobierno de Brasil conden\u00f3 hoy s\u00e1bado el ataque conjunto realizado por Estados Unidos e Israel contra Ir\u00e1n, y afirm\u00f3 que las negociaciones entre las partes constituyen \u00abel \u00fanico camino viable para la paz\u00bb. El Ministerio de Relaciones Exteriores expres\u00f3 en una nota oficial su \u00abgrave preocupaci\u00f3n\u00bb por los ataques efectuados contra objetivos en territorio iran\u00ed, en medio de un proceso de negociaci\u00f3n en curso, y record\u00f3 que el di\u00e1logo es la \u00abposici\u00f3n tradicionalmente defendida por Brasil\u00bb. \u00abBrasil llama a todas las partes a respetar el derecho internacional y ejercer la m\u00e1xima moderaci\u00f3n para evitar una escalada de hostilidades y garantizar la protecci\u00f3n de los civiles y la infraestructura civil\u00bb, apel\u00f3. Asimismo, la cartera inform\u00f3 que las embajadas de Brasil en la regi\u00f3n siguen de cerca la evoluci\u00f3n del conflicto y que el embajador brasile\u00f1o en Teher\u00e1n mantiene contacto directo con la comunidad brasile\u00f1a para transmitir actualizaciones sobre la situaci\u00f3n y orientaciones de seguridad. Fin<\/p>\n","protected":false},"excerpt":{"rendered":"<p>SAO PAULO, 28 feb (Xinhua) &#8212; El Gobierno de Brasil conden\u00f3 hoy s\u00e1bado el ataque&#8230;<\/p>\n","protected":false},"author":1,"featured_media":0,"comment_status":"closed","ping_status":"closed","sticky":false,"template":"","format":"standard","meta":{"footnotes":""},"categories":[2],"tags":[],"class_list":["post-17247","post","type-post","status-publish","format-standard","hentry","category-internacional"],"_links":{"self":[{"href":"https:\/\/informadorweb.com\/index.php?rest_route=\/wp\/v2\/posts\/17247","targetHints":{"allow":["GET"]}}],"collection":[{"href":"https:\/\/informadorweb.com\/index.php?rest_route=\/wp\/v2\/posts"}],"about":[{"href":"https:\/\/informadorweb.com\/index.php?rest_route=\/wp\/v2\/types\/post"}],"author":[{"embeddable":true,"href":"https:\/\/informadorweb.com\/index.php?rest_route=\/wp\/v2\/users\/1"}],"replies":[{"embeddable":true,"href":"https:\/\/informadorweb.com\/index.php?rest_route=%2Fwp%2Fv2%2Fcomments&post=17247"}],"version-history":[{"count":1,"href":"https:\/\/informadorweb.com\/index.php?rest_route=\/wp\/v2\/posts\/17247\/revisions"}],"predecessor-version":[{"id":17248,"href":"https:\/\/informadorweb.com\/index.php?rest_route=\/wp\/v2\/posts\/17247\/revisions\/17248"}],"wp:attachment":[{"href":"https:\/\/informadorweb.com\/index.php?rest_route=%2Fwp%2Fv2%2Fmedia&parent=17247"}],"wp:term":[{"taxonomy":"category","embeddable":true,"href":"https:\/\/informadorweb.com\/index.php?rest_route=%2Fwp%2Fv2%2Fcategories&post=17247"},{"taxonomy":"post_tag","embeddable":true,"href":"https:\/\/informadorweb.com\/index.php?rest_route=%2Fwp%2Fv2%2Ftags&post=17247"}],"curies":[{"name":"wp","href":"https:\/\/api.w.org\/{rel}","templated":true}]}}