{"id":17229,"date":"2026-03-02T12:54:14","date_gmt":"2026-03-02T18:54:14","guid":{"rendered":"https:\/\/informadorweb.com\/?p=17229"},"modified":"2026-03-02T18:54:17","modified_gmt":"2026-03-02T18:54:17","slug":"avance-eeuu-e-israel-atacan-a-iran-y-desencadenan-represalias","status":"publish","type":"post","link":"https:\/\/informadorweb.com\/?p=17229","title":{"rendered":"Avance: EEUU e Israel atacan a Ir\u00e1n y desencadenan represalias"},"content":{"rendered":"<p>EL CAIRO, 28 feb (Xinhua) &#8212; Estados Unidos e Israel lanzaron hoy s\u00e1bado \u00aboperaciones de combate importantes\u00bb contra Ir\u00e1n, sumiendo a Medio Oriente, devastado por la guerra, en una nueva ronda de conflictos violentos. Ir\u00e1n respondi\u00f3 con una serie de contraataques contra objetivos israel\u00edes y estadounidenses en toda la regi\u00f3n, con explosiones reportadas en Bahr\u00e9in, Qatar, Kuwait, Jordania, Emiratos \u00c1rabes Unidos (EAU) y Arabia Saud\u00ed, entre otros pa\u00edses. El presidente de Estados Unidos, Donald Trump, afirm\u00f3 que el objetivo \u00abes defender al pueblo estadounidense eliminando las amenazas inminentes\u00bb de Ir\u00e1n, y el Ministerio de Defensa israel\u00ed dijo que el pa\u00eds lanz\u00f3 un ataque \u00abpreventivo\u00bb contra Ir\u00e1n \u00abpara eliminar las amenazas a Israel\u00bb. En Teher\u00e1n, misiles impactaron en zonas cercanas a las oficinas del l\u00edder supremo iran\u00ed, Ali Khamenei, y del presidente Masoud Pezeshkian. Fuentes iran\u00edes se\u00f1alaron que ambos l\u00edderes resultaron ilesos. Los ataques a\u00e9reos israel\u00edes-estadounidenses tambi\u00e9n impactaron una escuela de ni\u00f1as en el sur de Ir\u00e1n, matando al menos a 57 estudiantes, de acuerdo con la agencia de noticias estatal iran\u00ed IRNA. \u00abEn respuesta a la agresi\u00f3n del enemigo hostil y criminal contra la Rep\u00fablica Isl\u00e1mica de Ir\u00e1n\u00bb, el Cuerpo de los Guardianes de la Revoluci\u00f3n Isl\u00e1mica (CGRI) del pa\u00eds, \u00abha comenzado el ataque iran\u00ed con misiles a gran escala y drones contra Israel\u00bb. Las fuerzas armadas iran\u00edes indicaron que todas las bases militares estadounidenses en la regi\u00f3n son objetivos leg\u00edtimos para Ir\u00e1n. De acuerdo con la agencia de noticias iran\u00ed Fars, Teher\u00e1n atac\u00f3 instalaciones militares en varios pa\u00edses del Golfo P\u00e9rsico que albergan fuerzas militares estadounidenses, entre ellos Qatar, Kuwait, Emiratos \u00c1rabes Unidos y Bahr\u00e9in. Se\u00f1al\u00f3 espec\u00edficamente como objetivos la base a\u00e9rea de Al Udeid en Qatar y el cuartel general de la Quinta Flota de la Armada estadounidense en Bahr\u00e9in. En respuesta a la aguda escalada regional, varios pa\u00edses han cerrado total o parcialmente su espacio a\u00e9reo, y m\u00faltiples aerol\u00edneas han cancelado vuelos a Medio Oriente. El \u00faltimo estallido ocurri\u00f3 despu\u00e9s de que Estados Unidos e Ir\u00e1n concluyeran su tercera ronda de conversaciones indirectas a principios de esta semana y acordaran reanudarlas la pr\u00f3xima semana. Esto recuerda a junio pasado, cuando, durante las negociaciones entre Washington y Teher\u00e1n, Israel lanz\u00f3 un ataque sorpresa contra Ir\u00e1n y desencaden\u00f3 la \u00abguerra de los 12 d\u00edas\u00bb, durante la cual Estados Unidos bombarde\u00f3 las instalaciones nucleares cr\u00edticas de Ir\u00e1n. Fin<\/p>\n","protected":false},"excerpt":{"rendered":"<p>EL CAIRO, 28 feb (Xinhua) &#8212; Estados Unidos e Israel lanzaron hoy s\u00e1bado \u00aboperaciones de&#8230;<\/p>\n","protected":false},"author":1,"featured_media":0,"comment_status":"closed","ping_status":"closed","sticky":false,"template":"","format":"standard","meta":{"footnotes":""},"categories":[2],"tags":[],"class_list":["post-17229","post","type-post","status-publish","format-standard","hentry","category-internacional"],"_links":{"self":[{"href":"https:\/\/informadorweb.com\/index.php?rest_route=\/wp\/v2\/posts\/17229","targetHints":{"allow":["GET"]}}],"collection":[{"href":"https:\/\/informadorweb.com\/index.php?rest_route=\/wp\/v2\/posts"}],"about":[{"href":"https:\/\/informadorweb.com\/index.php?rest_route=\/wp\/v2\/types\/post"}],"author":[{"embeddable":true,"href":"https:\/\/informadorweb.com\/index.php?rest_route=\/wp\/v2\/users\/1"}],"replies":[{"embeddable":true,"href":"https:\/\/informadorweb.com\/index.php?rest_route=%2Fwp%2Fv2%2Fcomments&post=17229"}],"version-history":[{"count":1,"href":"https:\/\/informadorweb.com\/index.php?rest_route=\/wp\/v2\/posts\/17229\/revisions"}],"predecessor-version":[{"id":17230,"href":"https:\/\/informadorweb.com\/index.php?rest_route=\/wp\/v2\/posts\/17229\/revisions\/17230"}],"wp:attachment":[{"href":"https:\/\/informadorweb.com\/index.php?rest_route=%2Fwp%2Fv2%2Fmedia&parent=17229"}],"wp:term":[{"taxonomy":"category","embeddable":true,"href":"https:\/\/informadorweb.com\/index.php?rest_route=%2Fwp%2Fv2%2Fcategories&post=17229"},{"taxonomy":"post_tag","embeddable":true,"href":"https:\/\/informadorweb.com\/index.php?rest_route=%2Fwp%2Fv2%2Ftags&post=17229"}],"curies":[{"name":"wp","href":"https:\/\/api.w.org\/{rel}","templated":true}]}}