{"id":17149,"date":"2026-03-02T12:27:49","date_gmt":"2026-03-02T18:27:49","guid":{"rendered":"https:\/\/informadorweb.com\/?p=17149"},"modified":"2026-03-02T18:27:50","modified_gmt":"2026-03-02T18:27:50","slug":"urgente-israel-afirma-que-no-descarta-atacar-al-lider-supremo-de-iran-en-nuevos-ataques","status":"publish","type":"post","link":"https:\/\/informadorweb.com\/?p=17149","title":{"rendered":"Urgente: Israel afirma que no descarta atacar al l\u00edder supremo de Ir\u00e1n en nuevos ataques"},"content":{"rendered":"<p>JERUSAL\u00c9N\/TEHER\u00c1N, 28 feb (Xinhua) &#8212; Israel afirm\u00f3 hoy que no descarta la posibilidad de atacar al l\u00edder supremo iran\u00ed, Ali Jamenei, en sus nuevos ataques a\u00e9reos contra la rep\u00fablica isl\u00e1mica, seg\u00fan inform\u00f3 la Autoridad de Radiodifusi\u00f3n de Israel. El Estado jud\u00edo ha lanzado dos oleadas de ataques contra Teher\u00e1n hasta el momento este s\u00e1bado. Los medios informaron que se escucharon explosiones causadas por ataques a\u00e9reos en el \u00e1rea oriental de Teher\u00e1n, alrededor de la zona de oficinas de Ali Jamenei, y a\u00f1adieron que el l\u00edder supremo no se encuentra en Teher\u00e1n y ha sido trasladado a un lugar seguro. Fin<\/p>\n","protected":false},"excerpt":{"rendered":"<p>JERUSAL\u00c9N\/TEHER\u00c1N, 28 feb (Xinhua) &#8212; Israel afirm\u00f3 hoy que no descarta la posibilidad de atacar&#8230;<\/p>\n","protected":false},"author":1,"featured_media":0,"comment_status":"closed","ping_status":"closed","sticky":false,"template":"","format":"standard","meta":{"footnotes":""},"categories":[2],"tags":[],"class_list":["post-17149","post","type-post","status-publish","format-standard","hentry","category-internacional"],"_links":{"self":[{"href":"https:\/\/informadorweb.com\/index.php?rest_route=\/wp\/v2\/posts\/17149","targetHints":{"allow":["GET"]}}],"collection":[{"href":"https:\/\/informadorweb.com\/index.php?rest_route=\/wp\/v2\/posts"}],"about":[{"href":"https:\/\/informadorweb.com\/index.php?rest_route=\/wp\/v2\/types\/post"}],"author":[{"embeddable":true,"href":"https:\/\/informadorweb.com\/index.php?rest_route=\/wp\/v2\/users\/1"}],"replies":[{"embeddable":true,"href":"https:\/\/informadorweb.com\/index.php?rest_route=%2Fwp%2Fv2%2Fcomments&post=17149"}],"version-history":[{"count":1,"href":"https:\/\/informadorweb.com\/index.php?rest_route=\/wp\/v2\/posts\/17149\/revisions"}],"predecessor-version":[{"id":17150,"href":"https:\/\/informadorweb.com\/index.php?rest_route=\/wp\/v2\/posts\/17149\/revisions\/17150"}],"wp:attachment":[{"href":"https:\/\/informadorweb.com\/index.php?rest_route=%2Fwp%2Fv2%2Fmedia&parent=17149"}],"wp:term":[{"taxonomy":"category","embeddable":true,"href":"https:\/\/informadorweb.com\/index.php?rest_route=%2Fwp%2Fv2%2Fcategories&post=17149"},{"taxonomy":"post_tag","embeddable":true,"href":"https:\/\/informadorweb.com\/index.php?rest_route=%2Fwp%2Fv2%2Ftags&post=17149"}],"curies":[{"name":"wp","href":"https:\/\/api.w.org\/{rel}","templated":true}]}}