{"id":17065,"date":"2026-03-02T12:02:50","date_gmt":"2026-03-02T18:02:50","guid":{"rendered":"https:\/\/informadorweb.com\/?p=17065"},"modified":"2026-03-02T18:02:51","modified_gmt":"2026-03-02T18:02:51","slug":"flash-autoridad-de-aviacion-civil-de-iran-declara-que-el-espacio-aereo-del-pais-se-cerrara-hasta-nuevo-aviso-segun-agencia-mehr","status":"publish","type":"post","link":"https:\/\/informadorweb.com\/?p=17065","title":{"rendered":"Flash: Autoridad de Aviaci\u00f3n Civil de Ir\u00e1n declara que el espacio a\u00e9reo del pa\u00eds se cerrar\u00e1 hasta nuevo aviso, seg\u00fan agencia Mehr"},"content":{"rendered":"<div class=\"el-scrollbar__wrap\">\n<div class=\"el-scrollbar__view\">\n<div class=\"news-content\" data-v-e79c3ee4=\"\">Flash: Autoridad de Aviaci\u00f3n Civil de Ir\u00e1n declara que el espacio a\u00e9reo del pa\u00eds se cerrar\u00e1 hasta nuevo aviso, seg\u00fan agencia Mehr<\/div>\n<\/div>\n<\/div>\n<div class=\"el-scrollbar__bar is-horizontal\"><\/div>\n","protected":false},"excerpt":{"rendered":"<p>Flash: Autoridad de Aviaci\u00f3n Civil de Ir\u00e1n declara que el espacio a\u00e9reo del pa\u00eds se&#8230;<\/p>\n","protected":false},"author":1,"featured_media":0,"comment_status":"closed","ping_status":"closed","sticky":false,"template":"","format":"standard","meta":{"footnotes":""},"categories":[2],"tags":[],"class_list":["post-17065","post","type-post","status-publish","format-standard","hentry","category-internacional"],"_links":{"self":[{"href":"https:\/\/informadorweb.com\/index.php?rest_route=\/wp\/v2\/posts\/17065","targetHints":{"allow":["GET"]}}],"collection":[{"href":"https:\/\/informadorweb.com\/index.php?rest_route=\/wp\/v2\/posts"}],"about":[{"href":"https:\/\/informadorweb.com\/index.php?rest_route=\/wp\/v2\/types\/post"}],"author":[{"embeddable":true,"href":"https:\/\/informadorweb.com\/index.php?rest_route=\/wp\/v2\/users\/1"}],"replies":[{"embeddable":true,"href":"https:\/\/informadorweb.com\/index.php?rest_route=%2Fwp%2Fv2%2Fcomments&post=17065"}],"version-history":[{"count":1,"href":"https:\/\/informadorweb.com\/index.php?rest_route=\/wp\/v2\/posts\/17065\/revisions"}],"predecessor-version":[{"id":17066,"href":"https:\/\/informadorweb.com\/index.php?rest_route=\/wp\/v2\/posts\/17065\/revisions\/17066"}],"wp:attachment":[{"href":"https:\/\/informadorweb.com\/index.php?rest_route=%2Fwp%2Fv2%2Fmedia&parent=17065"}],"wp:term":[{"taxonomy":"category","embeddable":true,"href":"https:\/\/informadorweb.com\/index.php?rest_route=%2Fwp%2Fv2%2Fcategories&post=17065"},{"taxonomy":"post_tag","embeddable":true,"href":"https:\/\/informadorweb.com\/index.php?rest_route=%2Fwp%2Fv2%2Ftags&post=17065"}],"curies":[{"name":"wp","href":"https:\/\/api.w.org\/{rel}","templated":true}]}}