{"id":17019,"date":"2026-03-02T11:46:07","date_gmt":"2026-03-02T17:46:07","guid":{"rendered":"https:\/\/informadorweb.com\/?p=17019"},"modified":"2026-03-02T17:46:08","modified_gmt":"2026-03-02T17:46:08","slug":"urgente-fuerzas-afganas-derriban-avion-de-combate-paquistani-en-provincia-oriental-de-nangarhar","status":"publish","type":"post","link":"https:\/\/informadorweb.com\/?p=17019","title":{"rendered":"Urgente: Fuerzas afganas derriban avi\u00f3n de combate paquistan\u00ed en provincia oriental de Nangarhar"},"content":{"rendered":"<div class=\"el-scrollbar__wrap\">\n<div class=\"el-scrollbar__view\">\n<div class=\"news-content\" data-v-e79c3ee4=\"\">KABUL, 28 feb (Xinhua) &#8212; Las fuerzas afganas derribaron hoy s\u00e1bado un avi\u00f3n de combate paquistan\u00ed en la provincia oriental de Nangarhar, informaron los medios locales, citando fuentes del Ministerio de Defensa de Afganist\u00e1n. Fin<\/div>\n<\/div>\n<\/div>\n<div class=\"el-scrollbar__bar is-horizontal\"><\/div>\n","protected":false},"excerpt":{"rendered":"<p>KABUL, 28 feb (Xinhua) &#8212; Las fuerzas afganas derribaron hoy s\u00e1bado un avi\u00f3n de combate&#8230;<\/p>\n","protected":false},"author":1,"featured_media":0,"comment_status":"closed","ping_status":"closed","sticky":false,"template":"","format":"standard","meta":{"footnotes":""},"categories":[2],"tags":[],"class_list":["post-17019","post","type-post","status-publish","format-standard","hentry","category-internacional"],"_links":{"self":[{"href":"https:\/\/informadorweb.com\/index.php?rest_route=\/wp\/v2\/posts\/17019","targetHints":{"allow":["GET"]}}],"collection":[{"href":"https:\/\/informadorweb.com\/index.php?rest_route=\/wp\/v2\/posts"}],"about":[{"href":"https:\/\/informadorweb.com\/index.php?rest_route=\/wp\/v2\/types\/post"}],"author":[{"embeddable":true,"href":"https:\/\/informadorweb.com\/index.php?rest_route=\/wp\/v2\/users\/1"}],"replies":[{"embeddable":true,"href":"https:\/\/informadorweb.com\/index.php?rest_route=%2Fwp%2Fv2%2Fcomments&post=17019"}],"version-history":[{"count":1,"href":"https:\/\/informadorweb.com\/index.php?rest_route=\/wp\/v2\/posts\/17019\/revisions"}],"predecessor-version":[{"id":17020,"href":"https:\/\/informadorweb.com\/index.php?rest_route=\/wp\/v2\/posts\/17019\/revisions\/17020"}],"wp:attachment":[{"href":"https:\/\/informadorweb.com\/index.php?rest_route=%2Fwp%2Fv2%2Fmedia&parent=17019"}],"wp:term":[{"taxonomy":"category","embeddable":true,"href":"https:\/\/informadorweb.com\/index.php?rest_route=%2Fwp%2Fv2%2Fcategories&post=17019"},{"taxonomy":"post_tag","embeddable":true,"href":"https:\/\/informadorweb.com\/index.php?rest_route=%2Fwp%2Fv2%2Ftags&post=17019"}],"curies":[{"name":"wp","href":"https:\/\/api.w.org\/{rel}","templated":true}]}}