{"id":119810,"date":"2026-09-04T23:41:43","date_gmt":"2026-09-05T05:41:43","guid":{"rendered":"https:\/\/informadorweb.com\/?p=119810"},"modified":"2026-09-05T05:41:45","modified_gmt":"2026-09-05T05:41:45","slug":"argentina-celebra-los-comics-con-un-festival-de-tres-dias-de-duracion-y-mas-de-40-editoriales-en-la-muestra","status":"publish","type":"post","link":"https:\/\/informadorweb.com\/?p=119810","title":{"rendered":"Argentina celebra los c\u00f3mics con un festival de tres d\u00edas de duraci\u00f3n y m\u00e1s de 40 editoriales en la muestra"},"content":{"rendered":"<p>BUENOS AIRES, 4 sep (Xinhua) &#8212; La ciudad de Buenos Aires acoge desde hoy viernes el Festival Argentino de Historieta 2026, un evento de tres d\u00edas de duraci\u00f3n con la participaci\u00f3n de m\u00e1s de 40 editoriales y decenas de actividades abiertas a todo el p\u00fablico, en el marco del D\u00eda Nacional de la Historieta. El editor Diego Rey, quien forma parte de la Comisi\u00f3n de Historieta de la C\u00e1mara Argentina del Libro (CAL), destac\u00f3 en entrevista con Xinhua que \u00abel festival se propone celebrar la historieta en todas sus formas, promover su di\u00e1logo con otras disciplinas art\u00edsticas y consolidar su lugar como un espacio cultural relevante, accesible y abierto a todo p\u00fablico\u00bb. A\u00f1adi\u00f3 que la propuesta apunta, adem\u00e1s, \u00aba poner en valor la historieta argentina, dar a conocer los autores contempor\u00e1neos, festejar la historieta\u00bb. \u00abSobre la historieta argentina podemos decir que tiene una caracter\u00edstica que la distingue, que es la desfachatez, la manera de pensar, la manera de cuestionar\u00bb, sintetiz\u00f3 Rey, para quien la amplitud y diversidad del g\u00e9nero permite que haya \u00abun libro de historieta argentina para cada lector interesado\u00bb. El festival ofrece exposiciones, disertaciones, talleres, ferias editoriales y proyecciones de cortos y mediometrajes relacionados con la historieta, adem\u00e1s de espect\u00e1culos y actividades interactivas para todas las edades, explicaron a Xinhua los organizadores. Rey, tambi\u00e9n uno de los editores en el editorial Hotel de las Ideas, indic\u00f3 que \u00abel festival est\u00e1 pensado para un p\u00fablico amplio, que va desde el especializado hasta quienes se acercan por primera vez al mundo de la historieta, y pone especial \u00e9nfasis en la diversidad y la pluralidad de voces y expresiones del medio\u00bb. El evento celebra el D\u00eda Nacional de la Historieta, que se conmemora en Argentina cada 4 de septiembre en homenaje al primer n\u00famero de El Eternauta, en 1957, y tiene como objetivo rendir tributo a la historieta en todas sus formas. Con entrada libre y gratuita, la propuesta se extender\u00e1 hasta el domingo 6 de septiembre, en el Centro Cultural Rojas (CCR), en la zona c\u00e9ntrica de Buenos Aires, bajo la organizaci\u00f3n de la Comisi\u00f3n de Historieta de la CAL y del CCR. La actividad comenz\u00f3 con la inauguraci\u00f3n oficial, a lo que sigui\u00f3 la muestra \u00abEl sue\u00f1ero\u00bb, una exhibici\u00f3n de obras originales del pintor, historietista, guionista e ilustrador argentino residente en Italia Enrique Breccia, presente en el festival. Las actividades incluyen la proyecci\u00f3n de la pel\u00edcula \u00abAsterix y Obelix: Misi\u00f3n Cleopatra\u00bb, en conmemoraci\u00f3n del centenario del nacimiento de Ren\u00e9 Goscinny, guionista de Asterix, un conversatorio de humor gr\u00e1fico feminista en el que estar\u00e1 la vi\u00f1etista espa\u00f1ola Flavita Banana, y un taller para ni\u00f1os que brindar\u00e1 uno de los referentes argentinos de la historieta infantil, Chanti. Fin<\/p>\n","protected":false},"excerpt":{"rendered":"<p>BUENOS AIRES, 4 sep (Xinhua) &#8212; La ciudad de Buenos Aires acoge desde hoy viernes&#8230;<\/p>\n","protected":false},"author":1,"featured_media":0,"comment_status":"closed","ping_status":"closed","sticky":false,"template":"","format":"standard","meta":{"footnotes":""},"categories":[2],"tags":[],"class_list":["post-119810","post","type-post","status-publish","format-standard","hentry","category-internacional"],"_links":{"self":[{"href":"https:\/\/informadorweb.com\/index.php?rest_route=\/wp\/v2\/posts\/119810","targetHints":{"allow":["GET"]}}],"collection":[{"href":"https:\/\/informadorweb.com\/index.php?rest_route=\/wp\/v2\/posts"}],"about":[{"href":"https:\/\/informadorweb.com\/index.php?rest_route=\/wp\/v2\/types\/post"}],"author":[{"embeddable":true,"href":"https:\/\/informadorweb.com\/index.php?rest_route=\/wp\/v2\/users\/1"}],"replies":[{"embeddable":true,"href":"https:\/\/informadorweb.com\/index.php?rest_route=%2Fwp%2Fv2%2Fcomments&post=119810"}],"version-history":[{"count":1,"href":"https:\/\/informadorweb.com\/index.php?rest_route=\/wp\/v2\/posts\/119810\/revisions"}],"predecessor-version":[{"id":119811,"href":"https:\/\/informadorweb.com\/index.php?rest_route=\/wp\/v2\/posts\/119810\/revisions\/119811"}],"wp:attachment":[{"href":"https:\/\/informadorweb.com\/index.php?rest_route=%2Fwp%2Fv2%2Fmedia&parent=119810"}],"wp:term":[{"taxonomy":"category","embeddable":true,"href":"https:\/\/informadorweb.com\/index.php?rest_route=%2Fwp%2Fv2%2Fcategories&post=119810"},{"taxonomy":"post_tag","embeddable":true,"href":"https:\/\/informadorweb.com\/index.php?rest_route=%2Fwp%2Fv2%2Ftags&post=119810"}],"curies":[{"name":"wp","href":"https:\/\/api.w.org\/{rel}","templated":true}]}}