{"id":119798,"date":"2026-09-04T23:37:14","date_gmt":"2026-09-05T05:37:14","guid":{"rendered":"https:\/\/informadorweb.com\/?p=119798"},"modified":"2026-09-05T05:37:16","modified_gmt":"2026-09-05T05:37:16","slug":"ecuador-y-panama-firman-terminos-de-referencia-para-negociar-un-acuerdo-de-alcance-parcial","status":"publish","type":"post","link":"https:\/\/informadorweb.com\/?p=119798","title":{"rendered":"Ecuador y Panam\u00e1 firman T\u00e9rminos de Referencia para negociar un Acuerdo de Alcance Parcial"},"content":{"rendered":"<p>QUITO, 4 sep (Xinhua) &#8212; Ecuador y Panam\u00e1 dieron hoy viernes un nuevo paso para fortalecer sus relaciones comerciales y econ\u00f3micas con la suscripci\u00f3n de los T\u00e9rminos de Referencia para negociar un Acuerdo de Alcance Parcial de Complementaci\u00f3n Econ\u00f3mica, inform\u00f3 la canciller\u00eda ecuatoriana. La firma del documento t\u00e9cnico se realiz\u00f3 en la ciudad costera de Guayaquil, en el suroeste del pa\u00eds, en el marco de la visita oficial a Ecuador del presidente de Panam\u00e1, Jos\u00e9 Ra\u00fal Mulino, agreg\u00f3 la fuente en su cuenta de la red social X. La suscripci\u00f3n estuvo a cargo de la ministra de Desarrollo Econ\u00f3mico y Productivo de Ecuador, Sariha Moya, y del ministro de Comercio e Industrias de Panam\u00e1, Julio Molt\u00f3. La canciller\u00eda destac\u00f3 que la firma de los T\u00e9rminos de Referencia representa \u00abun nuevo paso para ampliar las oportunidades entre ambos pa\u00edses\u00bb. Por su parte, la Presidencia de Ecuador se\u00f1al\u00f3 en la misma red social que este avance forma parte de una agenda bilateral m\u00e1s amplia impulsada por los presidentes Daniel Noboa y Jos\u00e9 Ra\u00fal Mulino, quienes mantuvieron un encuentro bilateral orientado a fortalecer la hist\u00f3rica relaci\u00f3n entre ambas naciones. Precis\u00f3 que la agenda est\u00e1 enfocada en comercio, inversi\u00f3n, cooperaci\u00f3n en seguridad, intercambio de informaci\u00f3n tributaria y lucha contra el crimen organizado transnacional. Adem\u00e1s, el Gobierno ecuatoriano destac\u00f3 el fortalecimiento de Panam\u00e1 como un \u00abhub\u00bb o centro estrat\u00e9gico para facilitar la llegada de productos ecuatorianos a otros mercados. En paralelo, el canciller ecuatoriano, Roberto Kury, y su hom\u00f3logo paname\u00f1o, Javier Mart\u00ednez-Acha V\u00e1squez, mantuvieron una reuni\u00f3n para fortalecer la agenda bilateral e impulsar la cooperaci\u00f3n entre ambos pa\u00edses. Fin<\/p>\n","protected":false},"excerpt":{"rendered":"<p>QUITO, 4 sep (Xinhua) &#8212; Ecuador y Panam\u00e1 dieron hoy viernes un nuevo paso para&#8230;<\/p>\n","protected":false},"author":1,"featured_media":0,"comment_status":"closed","ping_status":"closed","sticky":false,"template":"","format":"standard","meta":{"footnotes":""},"categories":[2],"tags":[],"class_list":["post-119798","post","type-post","status-publish","format-standard","hentry","category-internacional"],"_links":{"self":[{"href":"https:\/\/informadorweb.com\/index.php?rest_route=\/wp\/v2\/posts\/119798","targetHints":{"allow":["GET"]}}],"collection":[{"href":"https:\/\/informadorweb.com\/index.php?rest_route=\/wp\/v2\/posts"}],"about":[{"href":"https:\/\/informadorweb.com\/index.php?rest_route=\/wp\/v2\/types\/post"}],"author":[{"embeddable":true,"href":"https:\/\/informadorweb.com\/index.php?rest_route=\/wp\/v2\/users\/1"}],"replies":[{"embeddable":true,"href":"https:\/\/informadorweb.com\/index.php?rest_route=%2Fwp%2Fv2%2Fcomments&post=119798"}],"version-history":[{"count":1,"href":"https:\/\/informadorweb.com\/index.php?rest_route=\/wp\/v2\/posts\/119798\/revisions"}],"predecessor-version":[{"id":119799,"href":"https:\/\/informadorweb.com\/index.php?rest_route=\/wp\/v2\/posts\/119798\/revisions\/119799"}],"wp:attachment":[{"href":"https:\/\/informadorweb.com\/index.php?rest_route=%2Fwp%2Fv2%2Fmedia&parent=119798"}],"wp:term":[{"taxonomy":"category","embeddable":true,"href":"https:\/\/informadorweb.com\/index.php?rest_route=%2Fwp%2Fv2%2Fcategories&post=119798"},{"taxonomy":"post_tag","embeddable":true,"href":"https:\/\/informadorweb.com\/index.php?rest_route=%2Fwp%2Fv2%2Ftags&post=119798"}],"curies":[{"name":"wp","href":"https:\/\/api.w.org\/{rel}","templated":true}]}}