{"id":119794,"date":"2026-09-04T23:36:25","date_gmt":"2026-09-05T05:36:25","guid":{"rendered":"https:\/\/informadorweb.com\/?p=119794"},"modified":"2026-09-05T05:36:27","modified_gmt":"2026-09-05T05:36:27","slug":"acuerdo-con-fmi-inyectara-hasta-7-000-millones-de-dolares-en-economia-boliviana-asegura-presidente-paz-pereira","status":"publish","type":"post","link":"https:\/\/informadorweb.com\/?p=119794","title":{"rendered":"Acuerdo con FMI inyectar\u00e1 hasta 7.000 millones de d\u00f3lares en econom\u00eda boliviana, asegura presidente Paz Pereira"},"content":{"rendered":"<p>LA PAZ, 4 sep (Xinhua) &#8212; El presidente de Bolivia, Rodrigo Paz Pereira, declar\u00f3 este viernes que el acuerdo con el Fondo Monetario Internacional (FMI), anunciado en agosto, permitir\u00e1 la entrada de 6.000 a 7.000 millones de d\u00f3lares provenientes de organismos multilaterales a la econom\u00eda del pa\u00eds sudamericano. \u00abEse acuerdo (&#8230;) significar\u00e1 cerca de 6.000 a 7.000 millones de d\u00f3lares que entrar\u00e1n a Bolivia para obras y desarrollo\u00bb, asegur\u00f3 el mandatario durante el Foro Econ\u00f3mico 2026, organizado en el occidental departamento de Santa Cruz por empresarios y l\u00edderes locales. Seg\u00fan el Gobierno, el programa a\u00f1adir\u00eda 5.000 millones de d\u00f3lares a los 1.900 millones ya pactados con el FMI, procedentes del Banco Mundial, el Banco Interamericano de Desarrollo y otras organizaciones. Paz destac\u00f3 que intenta \u00abordenar la casa\u00bb mediante una serie de medidas econ\u00f3micas y reivindic\u00f3 la decisi\u00f3n de avanzar hacia una mayor independencia del Banco Central de Bolivia respecto del poder pol\u00edtico. Ante representantes del sector empresarial, pidi\u00f3 tambi\u00e9n recuperar la confianza y llam\u00f3 a los inversionistas a apostar nuevamente por el pa\u00eds. El acuerdo entre La Paz y el FMI se dio a conocer el 29 de agosto como remedio para la disminuci\u00f3n de las reservas internacionales, la escasez de divisas y las presiones fiscales. Paz Pereira present\u00f3 la medida como un acercamiento sin precedentes con el organismo multilateral tras casi dos d\u00e9cadas de relaci\u00f3n distante, bajo los gobiernos del izquierdista Movimiento Al Socialismo (2006-2025). Fin<\/p>\n","protected":false},"excerpt":{"rendered":"<p>LA PAZ, 4 sep (Xinhua) &#8212; El presidente de Bolivia, Rodrigo Paz Pereira, declar\u00f3 este&#8230;<\/p>\n","protected":false},"author":1,"featured_media":0,"comment_status":"closed","ping_status":"closed","sticky":false,"template":"","format":"standard","meta":{"footnotes":""},"categories":[2],"tags":[],"class_list":["post-119794","post","type-post","status-publish","format-standard","hentry","category-internacional"],"_links":{"self":[{"href":"https:\/\/informadorweb.com\/index.php?rest_route=\/wp\/v2\/posts\/119794","targetHints":{"allow":["GET"]}}],"collection":[{"href":"https:\/\/informadorweb.com\/index.php?rest_route=\/wp\/v2\/posts"}],"about":[{"href":"https:\/\/informadorweb.com\/index.php?rest_route=\/wp\/v2\/types\/post"}],"author":[{"embeddable":true,"href":"https:\/\/informadorweb.com\/index.php?rest_route=\/wp\/v2\/users\/1"}],"replies":[{"embeddable":true,"href":"https:\/\/informadorweb.com\/index.php?rest_route=%2Fwp%2Fv2%2Fcomments&post=119794"}],"version-history":[{"count":1,"href":"https:\/\/informadorweb.com\/index.php?rest_route=\/wp\/v2\/posts\/119794\/revisions"}],"predecessor-version":[{"id":119795,"href":"https:\/\/informadorweb.com\/index.php?rest_route=\/wp\/v2\/posts\/119794\/revisions\/119795"}],"wp:attachment":[{"href":"https:\/\/informadorweb.com\/index.php?rest_route=%2Fwp%2Fv2%2Fmedia&parent=119794"}],"wp:term":[{"taxonomy":"category","embeddable":true,"href":"https:\/\/informadorweb.com\/index.php?rest_route=%2Fwp%2Fv2%2Fcategories&post=119794"},{"taxonomy":"post_tag","embeddable":true,"href":"https:\/\/informadorweb.com\/index.php?rest_route=%2Fwp%2Fv2%2Ftags&post=119794"}],"curies":[{"name":"wp","href":"https:\/\/api.w.org\/{rel}","templated":true}]}}