{"id":119784,"date":"2026-09-04T23:34:02","date_gmt":"2026-09-05T05:34:02","guid":{"rendered":"https:\/\/informadorweb.com\/?p=119784"},"modified":"2026-09-05T05:34:04","modified_gmt":"2026-09-05T05:34:04","slug":"principal-feria-comercial-de-cuba-busca-abrir-oportunidades-para-empresarios-pese-a-hostilidad-de-eeuu","status":"publish","type":"post","link":"https:\/\/informadorweb.com\/?p=119784","title":{"rendered":"Principal feria comercial de Cuba busca abrir oportunidades para empresarios, pese a hostilidad de EEUU"},"content":{"rendered":"<p>LA HABANA, 4 sep (Xinhua) &#8212; La edici\u00f3n 42 de la Feria Internacional de La Habana, FIHAV 2026, se desarrollar\u00e1 en formato virtual del 24 al 26 de noviembre pr\u00f3ximo, con el objetivo de generar oportunidades para empresas que quieran desarrollar en Cuba \u00abproyectos de beneficio mutuo\u00bb, en un contexto marcado por transformaciones econ\u00f3micas, bloqueo petrolero y sanciones impuestas por Estados Unidos, se inform\u00f3 hoy viernes. \u00abEs un deber nuestro organizar este evento, sobre todo para dar respuesta y abrir oportunidades a aquellas empresas y aquellos empresarios que, aun en medio de condiciones muy dif\u00edciles, no renuncian a estar presentes en Cuba y a desarrollar proyectos exitosos de beneficio mutuo\u00bb, dijo en rueda de prensa el viceprimer ministro y titular de Comercio Exterior y la Inversi\u00f3n Extranjera, Oscar P\u00e9rez-Oliva. La agenda de la principal feria comercial de la isla incluye un foro de negocios presencial en el Palacio de Convenciones de La Habana, en el que participar\u00e1n los empresarios nacionales y extranjeros que est\u00e9n presentes en Cuba, adem\u00e1s de quienes deseen hacerlo de manera virtual. P\u00e9rez-Oliva puntualiz\u00f3 que en el foro se socializar\u00e1 informaci\u00f3n sobre la implementaci\u00f3n y los resultados de las transformaciones econ\u00f3micas y sociales en marcha, los cambios en el comercio exterior y el desarrollo de negocios con capital extranjero. El viceprimer ministro record\u00f3 que FIHAV se desarroll\u00f3 de manera virtual en 2020 y 2021, a ra\u00edz de los efectos de la pandemia de COVID-19, y que los organizadores tomar\u00e1n en cuenta esa experiencia para la venidera edici\u00f3n 42. FIHAV tendr\u00e1 lugar en \u00abun contexto muy complejo para Cuba\u00bb, caracterizado por la \u00abguerra multidimensional\u00bb de Estados Unidos a la naci\u00f3n caribe\u00f1a, y el recrudecimiento de la pol\u00edtica de bloqueo, reconoci\u00f3 el alto funcionario. P\u00e9rez-Oliva denunci\u00f3 que numerosos empresarios que mantienen negocios con Cuba han sido citados, visitados y amenazados con sanciones por el Gobierno estadounidense para que se retiren de la isla. \u00abSin embargo, hay muchos (empresarios) que siguen llegando y hay muchos que se mantienen. Por tanto, nosotros tenemos la expectativa de que haya un buen nivel de participaci\u00f3n en la Feria de La Habana\u00bb, afirm\u00f3. Se\u00f1al\u00f3 que, a pesar del acoso estadounidense, el Gobierno cubano no renuncia a desarrollar y transformar la econom\u00eda, y consider\u00f3 que FIHAV 2026 \u00abpuede ser un espacio importante que contribuya a la concertaci\u00f3n de negocios y alianzas entre empresarios de distintas regiones del mundo que quieren estar presentes en nuestro pa\u00eds\u00bb. En la edici\u00f3n anterior de FIHAV, celebrada en noviembre del pasado a\u00f1o, participaron 715 compa\u00f1\u00edas de m\u00e1s de 50 pa\u00edses, 268 empresas cubanas y delegaciones oficiales de una decena de naciones, entre las que sobresalieron Venezuela, Rusia, M\u00e9xico y Arabia Saudita. Fin<\/p>\n","protected":false},"excerpt":{"rendered":"<p>LA HABANA, 4 sep (Xinhua) &#8212; La edici\u00f3n 42 de la Feria Internacional de La&#8230;<\/p>\n","protected":false},"author":1,"featured_media":0,"comment_status":"closed","ping_status":"closed","sticky":false,"template":"","format":"standard","meta":{"footnotes":""},"categories":[2],"tags":[],"class_list":["post-119784","post","type-post","status-publish","format-standard","hentry","category-internacional"],"_links":{"self":[{"href":"https:\/\/informadorweb.com\/index.php?rest_route=\/wp\/v2\/posts\/119784","targetHints":{"allow":["GET"]}}],"collection":[{"href":"https:\/\/informadorweb.com\/index.php?rest_route=\/wp\/v2\/posts"}],"about":[{"href":"https:\/\/informadorweb.com\/index.php?rest_route=\/wp\/v2\/types\/post"}],"author":[{"embeddable":true,"href":"https:\/\/informadorweb.com\/index.php?rest_route=\/wp\/v2\/users\/1"}],"replies":[{"embeddable":true,"href":"https:\/\/informadorweb.com\/index.php?rest_route=%2Fwp%2Fv2%2Fcomments&post=119784"}],"version-history":[{"count":1,"href":"https:\/\/informadorweb.com\/index.php?rest_route=\/wp\/v2\/posts\/119784\/revisions"}],"predecessor-version":[{"id":119785,"href":"https:\/\/informadorweb.com\/index.php?rest_route=\/wp\/v2\/posts\/119784\/revisions\/119785"}],"wp:attachment":[{"href":"https:\/\/informadorweb.com\/index.php?rest_route=%2Fwp%2Fv2%2Fmedia&parent=119784"}],"wp:term":[{"taxonomy":"category","embeddable":true,"href":"https:\/\/informadorweb.com\/index.php?rest_route=%2Fwp%2Fv2%2Fcategories&post=119784"},{"taxonomy":"post_tag","embeddable":true,"href":"https:\/\/informadorweb.com\/index.php?rest_route=%2Fwp%2Fv2%2Ftags&post=119784"}],"curies":[{"name":"wp","href":"https:\/\/api.w.org\/{rel}","templated":true}]}}