{"id":119774,"date":"2026-09-04T23:31:26","date_gmt":"2026-09-05T05:31:26","guid":{"rendered":"https:\/\/informadorweb.com\/?p=119774"},"modified":"2026-09-05T05:31:37","modified_gmt":"2026-09-05T05:31:37","slug":"presidente-de-corte-suprema-de-brasil-define-prioridades-ante-crisis-del-tribunal","status":"publish","type":"post","link":"https:\/\/informadorweb.com\/?p=119774","title":{"rendered":"Presidente de Corte Suprema de Brasil define prioridades ante crisis del tribunal"},"content":{"rendered":"<p>BRASILIA, 4 sept (Xinhua) &#8212; El presidente del Supremo Tribunal Federal (STF) de Brasil, Edson Fachin, afirm\u00f3 hoy viernes que la crisis en la Corte demuestra la urgencia del cumplimiento de tres metas de su gesti\u00f3n: la adopci\u00f3n de un C\u00f3digo de \u00c9tica, el fin de la investigaci\u00f3n de las noticias falsas (fake news) y la modernizaci\u00f3n del sistema de justicia. Fachin destac\u00f3 que los hechos \u00abgraves\u00bb de la crisis vinculada al caso del Banco Master, que afecta al STF, est\u00e1n bajo investigaci\u00f3n y que ninguna autoridad est\u00e1 por encima de la Constituci\u00f3n Federal. \u00abLa gravedad de los hechos no permite atajos. Por el contrario, cuanto mayor es el desaf\u00edo, mayor debe ser el compromiso con la legalidad, el debido proceso legal y las garant\u00edas constitucionales. No habr\u00e1 precipitaci\u00f3n ni tampoco omisi\u00f3n. La respuesta institucional ser\u00e1 firme, proporcional y rigurosa\u00bb, se\u00f1al\u00f3. \u00abLos acontecimientos recientes demuestran el acierto y la urgencia de tres metas de nuestra gesti\u00f3n: la adopci\u00f3n de un C\u00f3digo de \u00c9tica, el fin de la investigaci\u00f3n de las noticias falsas y la modernizaci\u00f3n del sistema de justicia\u00bb, prosigui\u00f3 Fachin. El jurista intervino en el Palacio de Planalto, sede del Gobierno, en un evento sobre fondos destinados al sistema de justicia, junto al presidente Luiz In\u00e1cio Lula da Silva, el fiscal general de la Rep\u00fablica, Paulo Gonet, y el abogado general de la Uni\u00f3n, Jorge Messias. Las declaraciones de Fachin hicieron referencia a la crisis que envuelve a los jueces del STF, la Fiscal\u00eda General de la Rep\u00fablica y la Polic\u00eda Federal en torno a las investigaciones relacionadas con el Banco Master, acusado de fraudes multimillonarios. Una serie de acusaciones cruzadas entre los jueces Moraes y Andr\u00e9 Mendon\u00e7a llev\u00f3 a que el presidente del STF asumiera las causas que estaban a cargo de esos magistrados. Fin<\/p>\n","protected":false},"excerpt":{"rendered":"<p>BRASILIA, 4 sept (Xinhua) &#8212; El presidente del Supremo Tribunal Federal (STF) de Brasil, Edson&#8230;<\/p>\n","protected":false},"author":1,"featured_media":0,"comment_status":"closed","ping_status":"closed","sticky":false,"template":"","format":"standard","meta":{"footnotes":""},"categories":[2],"tags":[],"class_list":["post-119774","post","type-post","status-publish","format-standard","hentry","category-internacional"],"_links":{"self":[{"href":"https:\/\/informadorweb.com\/index.php?rest_route=\/wp\/v2\/posts\/119774","targetHints":{"allow":["GET"]}}],"collection":[{"href":"https:\/\/informadorweb.com\/index.php?rest_route=\/wp\/v2\/posts"}],"about":[{"href":"https:\/\/informadorweb.com\/index.php?rest_route=\/wp\/v2\/types\/post"}],"author":[{"embeddable":true,"href":"https:\/\/informadorweb.com\/index.php?rest_route=\/wp\/v2\/users\/1"}],"replies":[{"embeddable":true,"href":"https:\/\/informadorweb.com\/index.php?rest_route=%2Fwp%2Fv2%2Fcomments&post=119774"}],"version-history":[{"count":1,"href":"https:\/\/informadorweb.com\/index.php?rest_route=\/wp\/v2\/posts\/119774\/revisions"}],"predecessor-version":[{"id":119775,"href":"https:\/\/informadorweb.com\/index.php?rest_route=\/wp\/v2\/posts\/119774\/revisions\/119775"}],"wp:attachment":[{"href":"https:\/\/informadorweb.com\/index.php?rest_route=%2Fwp%2Fv2%2Fmedia&parent=119774"}],"wp:term":[{"taxonomy":"category","embeddable":true,"href":"https:\/\/informadorweb.com\/index.php?rest_route=%2Fwp%2Fv2%2Fcategories&post=119774"},{"taxonomy":"post_tag","embeddable":true,"href":"https:\/\/informadorweb.com\/index.php?rest_route=%2Fwp%2Fv2%2Ftags&post=119774"}],"curies":[{"name":"wp","href":"https:\/\/api.w.org\/{rel}","templated":true}]}}