{"id":119766,"date":"2026-09-04T23:29:15","date_gmt":"2026-09-05T05:29:15","guid":{"rendered":"https:\/\/informadorweb.com\/?p=119766"},"modified":"2026-09-05T05:29:16","modified_gmt":"2026-09-05T05:29:16","slug":"gobierno-capturo-al-90-de-jefes-criminales-que-operaban-en-ecuador-asegura-noboa","status":"publish","type":"post","link":"https:\/\/informadorweb.com\/?p=119766","title":{"rendered":"Gobierno captur\u00f3 al 90% de jefes criminales que operaban en Ecuador, asegura Noboa"},"content":{"rendered":"<p>QUITO, 4 sep (Xinhua) &#8212; El presidente de Ecuador, Daniel Noboa, asegur\u00f3 hoy viernes que su Gobierno captur\u00f3 al 90 por ciento de los cabecillas de las organizaciones criminales que operaban en el pa\u00eds en los \u00faltimos tres a\u00f1os, como parte de la ofensiva contra el crimen organizado iniciada en 2024. En una entrevista con radio \u00abi99\u00bb de Guayaquil, en el suroeste de la naci\u00f3n, el mandatario agreg\u00f3 que, en el mismo per\u00edodo de tiempo, las autoridades ampliaron los ataques contra las estructuras econ\u00f3micas y financieras que sostienen a estos grupos. \u00abHemos atacado tambi\u00e9n estructuras criminales que no solo son el sicario, el que comete el homicidio, sino empresas que lavan dinero, pol\u00edticos que los ayudan o son socios, jueces que los soltaban cada vez que comet\u00eda un delito\u00bb, sostuvo. \u00abNosotros estamos aqu\u00ed para poner orden y mostrar a la gente que s\u00ed se puede tener un pa\u00eds de paz\u00bb, agreg\u00f3 Noboa, en medio de la escalada de violencia criminal que afecta a Ecuador desde hace varios a\u00f1os. De acuerdo con el presidente, los robos a personas, motocicletas, veh\u00edculos, bienes y autopartes disminuyeron entre el 30 y el 35 por ciento en agosto de 2026, mientras que el robo a domicilios se redujo un 43 por ciento y los delitos contra unidades econ\u00f3micas cayeron un 41 por ciento. \u00abNo es solo en homicidios, se ve una reducci\u00f3n importante en robos, en extorsiones y eso facilita que incrementen las ventas. Entonces, se puede conectar la mejora en seguridad tambi\u00e9n con la mejora econ\u00f3mica\u00bb, subray\u00f3. El mandatario insisti\u00f3 en que la lucha contra el crimen organizado requiere una estrategia regional y mencion\u00f3 que una mayor coordinaci\u00f3n con los pa\u00edses vecinos permitir\u00e1 mejorar los resultados en materia de seguridad. Entre enero y julio de 2026, Ecuador registr\u00f3 4.882 homicidios intencionales, una reducci\u00f3n frente a los 5.295 casos contabilizados en el mismo per\u00edodo de 2025, seg\u00fan datos del Ministerio del Interior. Fin<\/p>\n","protected":false},"excerpt":{"rendered":"<p>QUITO, 4 sep (Xinhua) &#8212; El presidente de Ecuador, Daniel Noboa, asegur\u00f3 hoy viernes que&#8230;<\/p>\n","protected":false},"author":1,"featured_media":0,"comment_status":"closed","ping_status":"closed","sticky":false,"template":"","format":"standard","meta":{"footnotes":""},"categories":[2],"tags":[],"class_list":["post-119766","post","type-post","status-publish","format-standard","hentry","category-internacional"],"_links":{"self":[{"href":"https:\/\/informadorweb.com\/index.php?rest_route=\/wp\/v2\/posts\/119766","targetHints":{"allow":["GET"]}}],"collection":[{"href":"https:\/\/informadorweb.com\/index.php?rest_route=\/wp\/v2\/posts"}],"about":[{"href":"https:\/\/informadorweb.com\/index.php?rest_route=\/wp\/v2\/types\/post"}],"author":[{"embeddable":true,"href":"https:\/\/informadorweb.com\/index.php?rest_route=\/wp\/v2\/users\/1"}],"replies":[{"embeddable":true,"href":"https:\/\/informadorweb.com\/index.php?rest_route=%2Fwp%2Fv2%2Fcomments&post=119766"}],"version-history":[{"count":1,"href":"https:\/\/informadorweb.com\/index.php?rest_route=\/wp\/v2\/posts\/119766\/revisions"}],"predecessor-version":[{"id":119767,"href":"https:\/\/informadorweb.com\/index.php?rest_route=\/wp\/v2\/posts\/119766\/revisions\/119767"}],"wp:attachment":[{"href":"https:\/\/informadorweb.com\/index.php?rest_route=%2Fwp%2Fv2%2Fmedia&parent=119766"}],"wp:term":[{"taxonomy":"category","embeddable":true,"href":"https:\/\/informadorweb.com\/index.php?rest_route=%2Fwp%2Fv2%2Fcategories&post=119766"},{"taxonomy":"post_tag","embeddable":true,"href":"https:\/\/informadorweb.com\/index.php?rest_route=%2Fwp%2Fv2%2Ftags&post=119766"}],"curies":[{"name":"wp","href":"https:\/\/api.w.org\/{rel}","templated":true}]}}