{"id":119762,"date":"2026-09-04T23:27:44","date_gmt":"2026-09-05T05:27:44","guid":{"rendered":"https:\/\/informadorweb.com\/?p=119762"},"modified":"2026-09-05T05:27:46","modified_gmt":"2026-09-05T05:27:46","slug":"brasil-expresa-preocupacion-por-restricciones-europeas-a-carne-brasilena","status":"publish","type":"post","link":"https:\/\/informadorweb.com\/?p=119762","title":{"rendered":"Brasil expresa preocupaci\u00f3n por restricciones europeas a carne brasile\u00f1a"},"content":{"rendered":"<p>BRASILIA, 4 sep (Xinhua) &#8212; El Gobierno brasile\u00f1o expres\u00f3 hoy viernes su \u00abprofunda preocupaci\u00f3n\u00bb por la implementaci\u00f3n de restricciones impuestas por la Uni\u00f3n Europea (UE) al ingreso de productos de prote\u00edna animal procedentes de Brasil, con base en el reglamento sobre el uso de antimicrobianos. Una nota conjunta de los ministerios de Relaciones Exteriores, as\u00ed como de Desarrollo, Industria, Comercio y Servicios, resalt\u00f3 que mantienen contacto constante, tanto pol\u00edtico como t\u00e9cnico, con la UE y sectores productivos para asegurar la continuidad de los flujos comerciales. \u00abDurante las reiteradas gestiones y encuentros realizados en el per\u00edodo, las autoridades brasile\u00f1as manifestaron su indignaci\u00f3n por la ausencia de di\u00e1logo previo a la adopci\u00f3n de la medida\u00bb, se\u00f1al\u00f3 la nota, al recordar que \u00abinsistieron en una pronta soluci\u00f3n al problema, mediante la profundizaci\u00f3n del intercambio t\u00e9cnico y el suministro de la informaci\u00f3n adicional solicitada por la parte europea\u00bb. Brasil implement\u00f3 las medidas necesarias para cumplir con los requisitos aplicables y present\u00f3 a las autoridades europeas la documentaci\u00f3n y la informaci\u00f3n pertinente relativa a los productos destinados a la exportaci\u00f3n, con especial atenci\u00f3n a las cadenas de carne de ave, pescado, bovino, huevos y miel. \u00abEl Gobierno brasile\u00f1o reafirma (&#8230;) el compromiso del pa\u00eds con la seguridad, la calidad y la sostenibilidad de los productos de origen animal destinados tanto al mercado interno como a los m\u00e1s de 150 pa\u00edses que reciben productos agropecuarios brasile\u00f1os\u00bb, destac\u00f3. En caso de que las negociaciones no conduzcan a una soluci\u00f3n satisfactoria de manera oportuna, el Gobierno brasile\u00f1o se reserv\u00f3 el derecho de recurrir a los instrumentos pertinentes para garantizar condiciones comerciales equilibradas. Entre estos instrumentos est\u00e1n las medidas de reciprocidad previstas en el ordenamiento jur\u00eddico nacional, as\u00ed como los mecanismos aplicables previstos en el Acuerdo Mercosur-UE, adem\u00e1s del sistema multilateral de comercio. Fin<\/p>\n","protected":false},"excerpt":{"rendered":"<p>BRASILIA, 4 sep (Xinhua) &#8212; El Gobierno brasile\u00f1o expres\u00f3 hoy viernes su \u00abprofunda preocupaci\u00f3n\u00bb por&#8230;<\/p>\n","protected":false},"author":1,"featured_media":0,"comment_status":"closed","ping_status":"closed","sticky":false,"template":"","format":"standard","meta":{"footnotes":""},"categories":[2],"tags":[],"class_list":["post-119762","post","type-post","status-publish","format-standard","hentry","category-internacional"],"_links":{"self":[{"href":"https:\/\/informadorweb.com\/index.php?rest_route=\/wp\/v2\/posts\/119762","targetHints":{"allow":["GET"]}}],"collection":[{"href":"https:\/\/informadorweb.com\/index.php?rest_route=\/wp\/v2\/posts"}],"about":[{"href":"https:\/\/informadorweb.com\/index.php?rest_route=\/wp\/v2\/types\/post"}],"author":[{"embeddable":true,"href":"https:\/\/informadorweb.com\/index.php?rest_route=\/wp\/v2\/users\/1"}],"replies":[{"embeddable":true,"href":"https:\/\/informadorweb.com\/index.php?rest_route=%2Fwp%2Fv2%2Fcomments&post=119762"}],"version-history":[{"count":1,"href":"https:\/\/informadorweb.com\/index.php?rest_route=\/wp\/v2\/posts\/119762\/revisions"}],"predecessor-version":[{"id":119763,"href":"https:\/\/informadorweb.com\/index.php?rest_route=\/wp\/v2\/posts\/119762\/revisions\/119763"}],"wp:attachment":[{"href":"https:\/\/informadorweb.com\/index.php?rest_route=%2Fwp%2Fv2%2Fmedia&parent=119762"}],"wp:term":[{"taxonomy":"category","embeddable":true,"href":"https:\/\/informadorweb.com\/index.php?rest_route=%2Fwp%2Fv2%2Fcategories&post=119762"},{"taxonomy":"post_tag","embeddable":true,"href":"https:\/\/informadorweb.com\/index.php?rest_route=%2Fwp%2Fv2%2Ftags&post=119762"}],"curies":[{"name":"wp","href":"https:\/\/api.w.org\/{rel}","templated":true}]}}