{"id":119752,"date":"2026-09-04T23:24:55","date_gmt":"2026-09-05T05:24:55","guid":{"rendered":"https:\/\/informadorweb.com\/?p=119752"},"modified":"2026-09-05T05:24:57","modified_gmt":"2026-09-05T05:24:57","slug":"pampa-sudamericana-pierde-113-millones-de-hectareas-de-vegetacion-en-casi-40-anos-muestra-estudio-en-brasil","status":"publish","type":"post","link":"https:\/\/informadorweb.com\/?p=119752","title":{"rendered":"Pampa sudamericana pierde 11,3 millones de hect\u00e1reas de vegetaci\u00f3n en casi 40 a\u00f1os, muestra estudio en Brasil"},"content":{"rendered":"<p>R\u00cdO DE JANEIRO, 4 sep (Xinhua) &#8212; La regi\u00f3n de la Pampa, en Am\u00e9rica del Sur, perdi\u00f3 11,3 millones de hect\u00e1reas de vegetaci\u00f3n nativa entre 1985 y 2024, seg\u00fan una investigaci\u00f3n de la red de especialistas en mapeo MapBiomas, divulgada hoy viernes por la prensa brasile\u00f1a. La vegetaci\u00f3n de la Pampa est\u00e1 formada sobre todo por gram\u00edneas, as\u00ed como otras plantas herb\u00e1ceas nativas, y ocupa unos 109 millones de hect\u00e1reas en el sur de Brasil, todo Uruguay y zonas del centro-este de Argentina. Entre los 11,3 millones de hect\u00e1reas perdidas seg\u00fan MapBiomas, 10,5 millones correspondieron a vegetaci\u00f3n campestre, sobre todo en Brasil, el pa\u00eds m\u00e1s afectado en proporci\u00f3n al territorio ocupado. En el mismo per\u00edodo, la superficie destinada a cultivos continuos, sobre todo granos, aument\u00f3 33 por ciento, mientras que las \u00e1reas de bosques plantados crecieron 503 por ciento. Seg\u00fan el estudio, la transformaci\u00f3n del territorio ya era significativa en 1985, cuando el 35 por ciento de la regi\u00f3n ya hab\u00eda sido convertida en pastizales cultivados, \u00e1reas agr\u00edcolas, bosques plantados o zonas urbanas, al tiempo que para 2024, las \u00e1reas cultivadas representaban el 46 por ciento. La p\u00e9rdida de vegetaci\u00f3n nativa en Brasil estuvo asociada sobre todo a la expansi\u00f3n de los cultivos de soya, que es el principal producto agr\u00edcola local, seg\u00fan MapBiomas. En el caso de Argentina, la naci\u00f3n registr\u00f3 la mayor p\u00e9rdida en t\u00e9rminos absolutos con unos 4,8 millones de hect\u00e1reas menos de vegetaci\u00f3n nativa, mientras que en el pa\u00eds vecino Uruguay, la reducci\u00f3n alcanz\u00f3 el 19 por ciento. El mapeo de la organizaci\u00f3n de cooperaci\u00f3n fue elaborado a partir del an\u00e1lisis de im\u00e1genes satelitales y forma parte de una nueva evaluaci\u00f3n de los cambios en el uso de la tierra en La Pampa entre 1985 y 2024. Fin<\/p>\n","protected":false},"excerpt":{"rendered":"<p>R\u00cdO DE JANEIRO, 4 sep (Xinhua) &#8212; La regi\u00f3n de la Pampa, en Am\u00e9rica del&#8230;<\/p>\n","protected":false},"author":1,"featured_media":0,"comment_status":"closed","ping_status":"closed","sticky":false,"template":"","format":"standard","meta":{"footnotes":""},"categories":[2],"tags":[],"class_list":["post-119752","post","type-post","status-publish","format-standard","hentry","category-internacional"],"_links":{"self":[{"href":"https:\/\/informadorweb.com\/index.php?rest_route=\/wp\/v2\/posts\/119752","targetHints":{"allow":["GET"]}}],"collection":[{"href":"https:\/\/informadorweb.com\/index.php?rest_route=\/wp\/v2\/posts"}],"about":[{"href":"https:\/\/informadorweb.com\/index.php?rest_route=\/wp\/v2\/types\/post"}],"author":[{"embeddable":true,"href":"https:\/\/informadorweb.com\/index.php?rest_route=\/wp\/v2\/users\/1"}],"replies":[{"embeddable":true,"href":"https:\/\/informadorweb.com\/index.php?rest_route=%2Fwp%2Fv2%2Fcomments&post=119752"}],"version-history":[{"count":1,"href":"https:\/\/informadorweb.com\/index.php?rest_route=\/wp\/v2\/posts\/119752\/revisions"}],"predecessor-version":[{"id":119753,"href":"https:\/\/informadorweb.com\/index.php?rest_route=\/wp\/v2\/posts\/119752\/revisions\/119753"}],"wp:attachment":[{"href":"https:\/\/informadorweb.com\/index.php?rest_route=%2Fwp%2Fv2%2Fmedia&parent=119752"}],"wp:term":[{"taxonomy":"category","embeddable":true,"href":"https:\/\/informadorweb.com\/index.php?rest_route=%2Fwp%2Fv2%2Fcategories&post=119752"},{"taxonomy":"post_tag","embeddable":true,"href":"https:\/\/informadorweb.com\/index.php?rest_route=%2Fwp%2Fv2%2Ftags&post=119752"}],"curies":[{"name":"wp","href":"https:\/\/api.w.org\/{rel}","templated":true}]}}