{"id":119373,"date":"2026-09-04T11:06:18","date_gmt":"2026-09-04T17:06:18","guid":{"rendered":"https:\/\/informadorweb.com\/?p=119373"},"modified":"2026-09-04T17:06:19","modified_gmt":"2026-09-04T17:06:19","slug":"tribunal-de-ecuador-ordena-detener-a-expresidente-abdala-bucaram-para-escuchar-sentencia","status":"publish","type":"post","link":"https:\/\/informadorweb.com\/?p=119373","title":{"rendered":"Tribunal de Ecuador ordena detener a expresidente Abdal\u00e1 Bucaram para escuchar sentencia"},"content":{"rendered":"<div class=\"el-scrollbar__wrap\">\n<div class=\"el-scrollbar__view\">\n<div class=\"news-content\" data-v-e79c3ee4=\"\">QUITO, 3 sep (Xinhua) &#8212; Un Tribunal de Garant\u00edas Penales de Ecuador orden\u00f3 este jueves la detenci\u00f3n del expresidente Abdal\u00e1 Bucaram (1996-1997), acusado de presunta delincuencia organizada, tras fracasar por sexta vez la audiencia en la que se iba a anunciar la sentencia del caso, inform\u00f3 la prensa local. La orden se ejecutar\u00e1 cuando Bucaram, actualmente internado tras una operaci\u00f3n card\u00edaca, reciba el alta m\u00e9dica para que comparezca ante la Justicia, mientras la Polic\u00eda deber\u00e1 mantener vigilancia permanente, seg\u00fan medios locales que citaron a la Fiscal\u00eda General del Estado. El Ministerio P\u00fablico indic\u00f3 en su cuenta de la red social X que solicit\u00f3 al Tribunal adoptar las acciones correspondientes e investigar las recurrentes dilaciones en el proceso. Indic\u00f3 que el Tribunal hab\u00eda dispuesto que el Bloque de B\u00fasqueda de la Polic\u00eda acudiera a la cl\u00ednica donde se encontraba Bucaram para verificar si su estado de salud le permit\u00eda escuchar la sentencia oral dentro de la causa, pero finalmente la audiencia fue declarada fallida. La familia del exmandatario sostiene que Bucaram fue sometido a finales de agosto a una intervenci\u00f3n quir\u00fargica por un problema card\u00edaco en una cl\u00ednica de la ciudad de Guayaquil (suroeste) y que posteriormente fue trasladado a otro centro m\u00e9dico para continuar con su recuperaci\u00f3n. \u00abSu estado de salud es delicado, y actualmente permanece bajo estricta vigilancia m\u00e9dica en una unidad de cuidados intensivos\u00bb, inform\u00f3 Mar\u00eda Rosa Pulley, esposa de Bucaram, a trav\u00e9s de la cuenta de X del propio expresidente, donde adem\u00e1s difundi\u00f3 fotograf\u00edas de su esposo en una cama de hospital. Bucaram, de 74 a\u00f1os, es procesado junto con su hijo Jacobo y otras dos personas por la presunta comercializaci\u00f3n irregular de 21.000 pruebas para la detecci\u00f3n del nuevo coronavirus (COVID-19) y otros insumos m\u00e9dicos durante la emergencia sanitaria de 2020. La causa se inici\u00f3 en 2022 y, desde abril de 2025, han declarado cerca de 50 personas entre peritos y testigos. Abdal\u00e1 Bucaram, quien ha mantenido presencia en la pol\u00edtica ecuatoriana, gobern\u00f3 Ecuador entre 1996 y 1997, hasta que fue destituido por el Congreso bajo la figura de \u00abincapacidad mental para gobernar\u00bb. Fin<\/div>\n<\/div>\n<\/div>\n<div class=\"el-scrollbar__bar is-horizontal\"><\/div>\n","protected":false},"excerpt":{"rendered":"<p>QUITO, 3 sep (Xinhua) &#8212; Un Tribunal de Garant\u00edas Penales de Ecuador orden\u00f3 este jueves&#8230;<\/p>\n","protected":false},"author":1,"featured_media":0,"comment_status":"closed","ping_status":"closed","sticky":false,"template":"","format":"standard","meta":{"footnotes":""},"categories":[2],"tags":[],"class_list":["post-119373","post","type-post","status-publish","format-standard","hentry","category-internacional"],"_links":{"self":[{"href":"https:\/\/informadorweb.com\/index.php?rest_route=\/wp\/v2\/posts\/119373","targetHints":{"allow":["GET"]}}],"collection":[{"href":"https:\/\/informadorweb.com\/index.php?rest_route=\/wp\/v2\/posts"}],"about":[{"href":"https:\/\/informadorweb.com\/index.php?rest_route=\/wp\/v2\/types\/post"}],"author":[{"embeddable":true,"href":"https:\/\/informadorweb.com\/index.php?rest_route=\/wp\/v2\/users\/1"}],"replies":[{"embeddable":true,"href":"https:\/\/informadorweb.com\/index.php?rest_route=%2Fwp%2Fv2%2Fcomments&post=119373"}],"version-history":[{"count":1,"href":"https:\/\/informadorweb.com\/index.php?rest_route=\/wp\/v2\/posts\/119373\/revisions"}],"predecessor-version":[{"id":119374,"href":"https:\/\/informadorweb.com\/index.php?rest_route=\/wp\/v2\/posts\/119373\/revisions\/119374"}],"wp:attachment":[{"href":"https:\/\/informadorweb.com\/index.php?rest_route=%2Fwp%2Fv2%2Fmedia&parent=119373"}],"wp:term":[{"taxonomy":"category","embeddable":true,"href":"https:\/\/informadorweb.com\/index.php?rest_route=%2Fwp%2Fv2%2Fcategories&post=119373"},{"taxonomy":"post_tag","embeddable":true,"href":"https:\/\/informadorweb.com\/index.php?rest_route=%2Fwp%2Fv2%2Ftags&post=119373"}],"curies":[{"name":"wp","href":"https:\/\/api.w.org\/{rel}","templated":true}]}}