{"id":119369,"date":"2026-09-04T11:05:31","date_gmt":"2026-09-04T17:05:31","guid":{"rendered":"https:\/\/informadorweb.com\/?p=119369"},"modified":"2026-09-04T17:05:32","modified_gmt":"2026-09-04T17:05:32","slug":"trump-anuncia-nombramiento-de-secretario-interino-del-ejercito","status":"publish","type":"post","link":"https:\/\/informadorweb.com\/?p=119369","title":{"rendered":"Trump anuncia nombramiento de secretario interino del Ej\u00e9rcito"},"content":{"rendered":"<p>WASHINGTON, 3 sep (Xinhua) &#8212; El presidente de Estados Unidos, Donald Trump, anunci\u00f3 este jueves que Adam Telle, actual secretario adjunto del Ej\u00e9rcito para Obras Civiles, servir\u00e1 como secretario interino del Ej\u00e9rcito, d\u00edas despu\u00e9s de que la prensa de este pa\u00eds informara que Dan Driscoll hab\u00eda presentado su renuncia. \u00abMe complace anunciar que Adam Telle, el actual secretario adjunto del Ej\u00e9rcito para Obras Civiles, se convertir\u00e1 en secretario interino del Ej\u00e9rcito, con efecto inmediato\u00bb, dijo Trump mediante una publicaci\u00f3n en su plataforma Truth Social. The Wall Street Journal y otros medios estadounidenses reportaron el lunes que el secretario del Ej\u00e9rcito Dan Driscoll hab\u00eda presentado su renuncia ante Trump tras meses de tensi\u00f3n con el secretario de Defensa, Pete Hegseth. La noticia se\u00f1al\u00f3 que Driscoll, en desacuerdo con el secretario de Defensa por su direcci\u00f3n del Ej\u00e9rcito y las destituciones de numerosos oficiales de alto rango, tiene previsto abandonar el Pent\u00e1gono \u00aben los pr\u00f3ximos d\u00edas\u00bb. El secretario del Ej\u00e9rcito necesita la confirmaci\u00f3n del Senado, si bien puede fungir temporalmente como tal sin aprobaci\u00f3n de la C\u00e1mara Alta. Fin<\/p>\n","protected":false},"excerpt":{"rendered":"<p>WASHINGTON, 3 sep (Xinhua) &#8212; El presidente de Estados Unidos, Donald Trump, anunci\u00f3 este jueves&#8230;<\/p>\n","protected":false},"author":1,"featured_media":0,"comment_status":"closed","ping_status":"closed","sticky":false,"template":"","format":"standard","meta":{"footnotes":""},"categories":[2],"tags":[],"class_list":["post-119369","post","type-post","status-publish","format-standard","hentry","category-internacional"],"_links":{"self":[{"href":"https:\/\/informadorweb.com\/index.php?rest_route=\/wp\/v2\/posts\/119369","targetHints":{"allow":["GET"]}}],"collection":[{"href":"https:\/\/informadorweb.com\/index.php?rest_route=\/wp\/v2\/posts"}],"about":[{"href":"https:\/\/informadorweb.com\/index.php?rest_route=\/wp\/v2\/types\/post"}],"author":[{"embeddable":true,"href":"https:\/\/informadorweb.com\/index.php?rest_route=\/wp\/v2\/users\/1"}],"replies":[{"embeddable":true,"href":"https:\/\/informadorweb.com\/index.php?rest_route=%2Fwp%2Fv2%2Fcomments&post=119369"}],"version-history":[{"count":1,"href":"https:\/\/informadorweb.com\/index.php?rest_route=\/wp\/v2\/posts\/119369\/revisions"}],"predecessor-version":[{"id":119370,"href":"https:\/\/informadorweb.com\/index.php?rest_route=\/wp\/v2\/posts\/119369\/revisions\/119370"}],"wp:attachment":[{"href":"https:\/\/informadorweb.com\/index.php?rest_route=%2Fwp%2Fv2%2Fmedia&parent=119369"}],"wp:term":[{"taxonomy":"category","embeddable":true,"href":"https:\/\/informadorweb.com\/index.php?rest_route=%2Fwp%2Fv2%2Fcategories&post=119369"},{"taxonomy":"post_tag","embeddable":true,"href":"https:\/\/informadorweb.com\/index.php?rest_route=%2Fwp%2Fv2%2Ftags&post=119369"}],"curies":[{"name":"wp","href":"https:\/\/api.w.org\/{rel}","templated":true}]}}